{"id":8701,"date":"2026-05-22T19:07:40","date_gmt":"2026-05-22T19:07:40","guid":{"rendered":"https:\/\/bihplus.ba\/?p=8701"},"modified":"2026-05-22T19:07:43","modified_gmt":"2026-05-22T19:07:43","slug":"ramo-isak-prisustvovao-obiljezavanju-dana-policije-tuzlanskog-kantona-u-lukavcu","status":"publish","type":"post","link":"https:\/\/bihplus.ba\/index.php\/2026\/05\/22\/ramo-isak-prisustvovao-obiljezavanju-dana-policije-tuzlanskog-kantona-u-lukavcu\/","title":{"rendered":"Ramo Isak prisustvovao obilje\u017eavanju Dana policije Tuzlanskog kantona u Lukavcu"},"content":{"rendered":"\n<p class=\"wp-block-paragraph\">Federalni ministar unutra\u0161njih poslova Ramo Isak prisustvovao je danas Sve\u010danoj akademiji povodom obilje\u017eavanja Dana policije Tuzlanski kanton, koja je odr\u017eana u Centar za kulturu Lukavac.<\/p>\n\n\n\n<p class=\"wp-block-paragraph\">Obilje\u017eavanje Dana policije Tuzlanskog kantona bila je prilika da se oda priznanje policijskim slu\u017ebenicima za njihov profesionalan i odgovoran rad na o\u010duvanju sigurnosti gra\u0111ana, za\u0161titi javnog reda i mira te borbi protiv svih oblika kriminala, saop\u0107eno je iz Federalnog ministarstva unutra\u0161njih poslova.<\/p>\n\n\n\n<h2 class=\"wp-block-heading\">Isak: Sigurnost gra\u0111ana ostaje prioritet<\/h2>\n\n\n\n<p class=\"wp-block-paragraph\">Tokom obra\u0107anja, ministar Isak naglasio je zna\u010daj kontinuiranog ja\u010danja policijskih kapaciteta, modernizacije opreme i unapre\u0111enja saradnje sigurnosnih agencija na svim nivoima vlasti u Bosna i Hercegovina.<\/p>\n\n\n\n<p class=\"wp-block-paragraph\">\u201cPolicijski slu\u017ebenici svakodnevno nose veliku odgovornost i stoje na prvoj liniji za\u0161tite sigurnosti gra\u0111ana. Njihova profesionalnost, hrabrost i posve\u0107enost zaslu\u017euju puno po\u0161tovanje i institucionalnu podr\u0161ku\u201d, poru\u010dio je Isak.<\/p>\n\n\n\n<p class=\"wp-block-paragraph\">Dodao je da \u0107e Federalno ministarstvo unutra\u0161njih poslova nastaviti pru\u017eati podr\u0161ku razvoju sigurnosnog sistema kroz ulaganja u tehni\u010dko opremanje i profesionalni razvoj policijskih slu\u017ebenika.<\/p>\n\n\n\n<p class=\"wp-block-paragraph\">\u201cSigurnost gra\u0111ana na\u0161 je zajedni\u010dki prioritet\u201d, istakao je federalni ministar unutra\u0161njih poslova.<\/p>\n\n\n\n<h2 class=\"wp-block-heading\">Polo\u017eeno cvije\u0107e i odr\u017ean sve\u010dani defile<\/h2>\n\n\n\n<p class=\"wp-block-paragraph\">Program obilje\u017eavanja Dana policije Tuzlanskog kantona zapo\u010deo je polaganjem cvije\u0107a ispred sjedi\u0161ta Ministarstva unutra\u0161njih poslova Tuzlanskog kantona, nakon \u010dega je uprili\u010deno odavanje po\u010dasti na spomen-obilje\u017eju Samir Mustafi\u0107.<\/p>\n\n\n\n<p class=\"wp-block-paragraph\">U nastavku programa organizovano je postrojavanje jedinica policije u ulici 25. novembar, kao i polaganje cvije\u0107a na Centralno spomen-obilje\u017eje na Trg slobode.<\/p>\n\n\n\n<p class=\"wp-block-paragraph\">Posebnu pa\u017enju gra\u0111ana privukao je sve\u010dani defile policijskih jedinica koji se kretao prema Policijskoj upravi Lukavac i Trg Bremena, gdje je odr\u017eana pokazna vje\u017eba Jedinice policije za specijalnu podr\u0161ku.<\/p>\n\n\n\n<h2 class=\"wp-block-heading\">Predstavljena policijska oprema<\/h2>\n\n\n\n<p class=\"wp-block-paragraph\">Gra\u0111ani i zvanice imali su priliku prisustvovati prezentaciji policijske opreme organizovanoj u Centru za kulturu Lukavac, nakon \u010dega je odr\u017ean prijem zvanica i zavr\u0161na Sve\u010dana akademija.<\/p>\n\n\n\n<p class=\"wp-block-paragraph\">Tokom doga\u0111aja posebno je istaknuta va\u017enost me\u0111uinstitucionalne saradnje policijskih agencija i nastavka ulaganja u modernizaciju sigurnosnog sektora kako bi policijske strukture bile spremnije odgovoriti na savremene sigurnosne izazove.<\/p>\n","protected":false},"excerpt":{"rendered":"<p>Federalni ministar unutra\u0161njih poslova Ramo Isak prisustvovao je danas Sve\u010danoj akademiji povodom obilje\u017eavanja Dana policije Tuzlanski kanton, koja je odr\u017eana u Centar za kulturu Lukavac. Obilje\u017eavanje Dana policije Tuzlanskog kantona bila je prilika da se oda priznanje policijskim slu\u017ebenicima za njihov profesionalan i odgovoran rad na o\u010duvanju sigurnosti gra\u0111ana, za\u0161titi javnog reda i mira te [&hellip;]<\/p>\n","protected":false},"author":1,"featured_media":8702,"comment_status":"open","ping_status":"open","sticky":false,"template":"","format":"standard","meta":{"footnotes":""},"categories":[17],"tags":[1931,1156],"class_list":["post-8701","post","type-post","status-publish","format-standard","has-post-thumbnail","hentry","category-bih","tag-dan-policije","tag-ramo-isak"],"_links":{"self":[{"href":"https:\/\/bihplus.ba\/index.php\/wp-json\/wp\/v2\/posts\/8701","targetHints":{"allow":["GET"]}}],"collection":[{"href":"https:\/\/bihplus.ba\/index.php\/wp-json\/wp\/v2\/posts"}],"about":[{"href":"https:\/\/bihplus.ba\/index.php\/wp-json\/wp\/v2\/types\/post"}],"author":[{"embeddable":true,"href":"https:\/\/bihplus.ba\/index.php\/wp-json\/wp\/v2\/users\/1"}],"replies":[{"embeddable":true,"href":"https:\/\/bihplus.ba\/index.php\/wp-json\/wp\/v2\/comments?post=8701"}],"version-history":[{"count":1,"href":"https:\/\/bihplus.ba\/index.php\/wp-json\/wp\/v2\/posts\/8701\/revisions"}],"predecessor-version":[{"id":8703,"href":"https:\/\/bihplus.ba\/index.php\/wp-json\/wp\/v2\/posts\/8701\/revisions\/8703"}],"wp:featuredmedia":[{"embeddable":true,"href":"https:\/\/bihplus.ba\/index.php\/wp-json\/wp\/v2\/media\/8702"}],"wp:attachment":[{"href":"https:\/\/bihplus.ba\/index.php\/wp-json\/wp\/v2\/media?parent=8701"}],"wp:term":[{"taxonomy":"category","embeddable":true,"href":"https:\/\/bihplus.ba\/index.php\/wp-json\/wp\/v2\/categories?post=8701"},{"taxonomy":"post_tag","embeddable":true,"href":"https:\/\/bihplus.ba\/index.php\/wp-json\/wp\/v2\/tags?post=8701"}],"curies":[{"name":"wp","href":"https:\/\/api.w.org\/{rel}","templated":true}]}}