{"id":8695,"date":"2026-05-22T17:50:52","date_gmt":"2026-05-22T17:50:52","guid":{"rendered":"https:\/\/bihplus.ba\/?p=8695"},"modified":"2026-05-22T17:50:57","modified_gmt":"2026-05-22T17:50:57","slug":"saobracajne-guzve-i-obustave-sirom-bih-vozace-ocekuju-radovi-i-duza-cekanja-na-granicama","status":"publish","type":"post","link":"https:\/\/bihplus.ba\/index.php\/2026\/05\/22\/saobracajne-guzve-i-obustave-sirom-bih-vozace-ocekuju-radovi-i-duza-cekanja-na-granicama\/","title":{"rendered":"Saobra\u0107ajne gu\u017eve i obustave \u0161irom BiH: Voza\u010de o\u010dekuju radovi i du\u017ea \u010dekanja na granicama"},"content":{"rendered":"\n<p class=\"wp-block-paragraph\">Voza\u010de u Bosna i Hercegovina danas o\u010dekuju brojna ograni\u010denja u saobra\u0107aju zbog sportskih manifestacija, sanacionih radova i poja\u010danog prometa na grani\u010dnim prelazima, saop\u0107eno je iz BIHAMK.<\/p>\n\n\n\n<p class=\"wp-block-paragraph\">Posebno se upozorava na du\u017ea zadr\u017eavanja na pojedinim grani\u010dnim prelazima, kao i na izmijenjen re\u017eim saobra\u0107aja na vi\u0161e magistralnih i autocestovnih dionica \u0161irom zemlje.<\/p>\n\n\n\n<h2 class=\"wp-block-heading\">Obustava saobra\u0107aja na putu Jajce \u2013 Banja Luka<\/h2>\n\n\n\n<p class=\"wp-block-paragraph\">Zbog odr\u017eavanja sportske manifestacije, do 23. maja u periodu od 7 do 19 sati obustavljen je saobra\u0107aj za sva vozila osim autobusa na magistralnom putu izme\u0111u Jajce i Banja Luka, u mjestima Karanovac i Krupa na Vrbasu.<\/p>\n\n\n\n<p class=\"wp-block-paragraph\">Voza\u010dima se preporu\u010duje kori\u0161tenje alternativnih pravaca:<\/p>\n\n\n\n<ul class=\"wp-block-list\">\n<li>Banja Luka \u2013 \u010ca\u0111avica \u2013 Mrkonji\u0107 Grad<\/li>\n\n\n\n<li>Crna Rijeka \u2013 Mrkonji\u0107 Grad<\/li>\n<\/ul>\n\n\n\n<p class=\"wp-block-paragraph\">Dodatna privremena obustava saobra\u0107aja planirana je danas od 16:45 do 17:30 sati na regionalnom putu Gra\u010danica \u2013 Srnice zbog odr\u017eavanja sportske manifestacije.<\/p>\n\n\n\n<h2 class=\"wp-block-heading\">Ograni\u010denja za teretna vozila<\/h2>\n\n\n\n<p class=\"wp-block-paragraph\">Na magistralnim putevima:<\/p>\n\n\n\n<ul class=\"wp-block-list\">\n<li>Dobro Polje \u2013 Miljevina<\/li>\n\n\n\n<li>Tuzla \u2013 Bijeljina<\/li>\n\n\n\n<li>Jablanica \u2013 Blidinje<\/li>\n<\/ul>\n\n\n\n<p class=\"wp-block-paragraph\">saobra\u0107aj je dozvoljen samo za vozila do 3,5 tone, dok je za te\u017ea vozila i dalje na snazi zabrana prolaska.<\/p>\n\n\n\n<h2 class=\"wp-block-heading\">Radovi na autocesti A-1 i tunelu Hercegovina<\/h2>\n\n\n\n<p class=\"wp-block-paragraph\">Zbog radova na autocesti Autocesta A1, na dionici Kakanj \u2013 La\u0161va zatvoren je dio puta u du\u017eini od oko tri kilometra. Saobra\u0107aj se trenutno odvija dvosmjerno suprotnom stranom autoceste.<\/p>\n\n\n\n<p class=\"wp-block-paragraph\">Istovremeno, zbog redovnog servisa zatvorena je lijeva tunelska cijev tunela Hercegovina u smjeru Bija\u010da \u2013 Po\u010ditelj, pa se vozila propu\u0161taju dvosmjerno kroz drugu tunelsku cijev.<\/p>\n\n\n\n<p class=\"wp-block-paragraph\">Radovi su aktuelni i na dionicama:<\/p>\n\n\n\n<ul class=\"wp-block-list\">\n<li>Sarajevo sjever \u2013 Podlugovi<\/li>\n\n\n\n<li>Sarajevo zapad \u2013 Lepenica<\/li>\n\n\n\n<li>Bija\u010da \u2013 Po\u010ditelj<\/li>\n<\/ul>\n\n\n\n<p class=\"wp-block-paragraph\">gdje je saobra\u0107aj preusmjeren u preticajnu traku.<\/p>\n\n\n\n<h2 class=\"wp-block-heading\">Usporeno kod Kiseljaka i Biha\u0107a<\/h2>\n\n\n\n<p class=\"wp-block-paragraph\">Na ulazu u Kiseljak iz pravca Busova\u010de danas do 15:30 sati izvode se sanacioni radovi, zbog \u010dega se vozila propu\u0161taju naizmjeni\u010dno.<\/p>\n\n\n\n<p class=\"wp-block-paragraph\">Problemi u saobra\u0107aju prisutni su i na magistralnom putu M-5 kod grani\u010dnog prelaza Grani\u010dni prelaz Iza\u010di\u0107 prema Biha\u0107, gdje se rekonstruira most preko potoka Mri\u017enica. Saobra\u0107aj je preusmjeren na privremenu obilaznicu.<\/p>\n\n\n\n<h2 class=\"wp-block-heading\">Duge kolone na granicama<\/h2>\n\n\n\n<p class=\"wp-block-paragraph\">Poja\u010dan promet i du\u017ea \u010dekanja trenutno su zabilje\u017eeni na ulazu u Bosnu i Hercegovinu na grani\u010dnim prelazima:<\/p>\n\n\n\n<ul class=\"wp-block-list\">\n<li>Grani\u010dni prelaz Gradina<\/li>\n\n\n\n<li>Grani\u010dni prelaz Brod<\/li>\n\n\n\n<li>Grani\u010dni prelaz Kostajnica<\/li>\n<\/ul>\n\n\n\n<p class=\"wp-block-paragraph\">Na ostalim prelazima zadr\u017eavanja su uglavnom do 30 minuta.<\/p>\n\n\n\n<p class=\"wp-block-paragraph\">Iz BIHAMK-a upozoravaju da su mogu\u0107a dodatna \u010dekanja zbog novog sistema registracije ulaska i izlaska iz zemalja Evropska unija (EES), koji se postepeno uvodi na granicama EU.<\/p>\n","protected":false},"excerpt":{"rendered":"<p>Voza\u010de u Bosna i Hercegovina danas o\u010dekuju brojna ograni\u010denja u saobra\u0107aju zbog sportskih manifestacija, sanacionih radova i poja\u010danog prometa na grani\u010dnim prelazima, saop\u0107eno je iz BIHAMK. Posebno se upozorava na du\u017ea zadr\u017eavanja na pojedinim grani\u010dnim prelazima, kao i na izmijenjen re\u017eim saobra\u0107aja na vi\u0161e magistralnih i autocestovnih dionica \u0161irom zemlje. Obustava saobra\u0107aja na putu Jajce [&hellip;]<\/p>\n","protected":false},"author":1,"featured_media":8696,"comment_status":"open","ping_status":"open","sticky":false,"template":"","format":"standard","meta":{"footnotes":""},"categories":[17],"tags":[193,1927,1928],"class_list":["post-8695","post","type-post","status-publish","format-standard","has-post-thumbnail","hentry","category-bih","tag-bih","tag-cekanja","tag-granica"],"_links":{"self":[{"href":"https:\/\/bihplus.ba\/index.php\/wp-json\/wp\/v2\/posts\/8695","targetHints":{"allow":["GET"]}}],"collection":[{"href":"https:\/\/bihplus.ba\/index.php\/wp-json\/wp\/v2\/posts"}],"about":[{"href":"https:\/\/bihplus.ba\/index.php\/wp-json\/wp\/v2\/types\/post"}],"author":[{"embeddable":true,"href":"https:\/\/bihplus.ba\/index.php\/wp-json\/wp\/v2\/users\/1"}],"replies":[{"embeddable":true,"href":"https:\/\/bihplus.ba\/index.php\/wp-json\/wp\/v2\/comments?post=8695"}],"version-history":[{"count":1,"href":"https:\/\/bihplus.ba\/index.php\/wp-json\/wp\/v2\/posts\/8695\/revisions"}],"predecessor-version":[{"id":8697,"href":"https:\/\/bihplus.ba\/index.php\/wp-json\/wp\/v2\/posts\/8695\/revisions\/8697"}],"wp:featuredmedia":[{"embeddable":true,"href":"https:\/\/bihplus.ba\/index.php\/wp-json\/wp\/v2\/media\/8696"}],"wp:attachment":[{"href":"https:\/\/bihplus.ba\/index.php\/wp-json\/wp\/v2\/media?parent=8695"}],"wp:term":[{"taxonomy":"category","embeddable":true,"href":"https:\/\/bihplus.ba\/index.php\/wp-json\/wp\/v2\/categories?post=8695"},{"taxonomy":"post_tag","embeddable":true,"href":"https:\/\/bihplus.ba\/index.php\/wp-json\/wp\/v2\/tags?post=8695"}],"curies":[{"name":"wp","href":"https:\/\/api.w.org\/{rel}","templated":true}]}}