{"id":8166,"date":"2026-05-12T15:43:23","date_gmt":"2026-05-12T15:43:23","guid":{"rendered":"https:\/\/bihplus.ba\/?p=8166"},"modified":"2026-05-12T15:43:27","modified_gmt":"2026-05-12T15:43:27","slug":"vulin-smatra-da-je-schmidtov-odlazak-usluga-svim-narodima-u-bih","status":"publish","type":"post","link":"https:\/\/bihplus.ba\/index.php\/2026\/05\/12\/vulin-smatra-da-je-schmidtov-odlazak-usluga-svim-narodima-u-bih\/","title":{"rendered":"Vulin smatra da je Schmidtov odlazak \u201cusluga svim narodima u BiH\u201d"},"content":{"rendered":"\n<p class=\"wp-block-paragraph\">Aleksandar Vulin komentarisao je odlazak Christian Schmidt s funkcije visokog predstavnika, ocijeniv\u0161i da je to \u201cnajve\u0107a usluga svim narodima u Bosni i Hercegovini\u201d.<\/p>\n\n\n\n<p class=\"wp-block-paragraph\">Govore\u0107i u emisiji \u201cDan na dan\u201d, Vulin je Bosnu i Hercegovinu uporedio sa \u201ckonzulskim vremenima\u201d iz Travni\u010dka hronika, navode\u0107i da strani predstavnici dolaze i odlaze, dok narodi koji \u017eive u BiH ostaju.<\/p>\n\n\n\n<p class=\"wp-block-paragraph\">\u2013 Evo oti\u0161ao je jo\u0161 jedan konzul, prili\u010dno tu\u017ean i smije\u0161an, mo\u017eda i najsmje\u0161niji od svih, ali je velika zla u\u010dinio \u2013 rekao je Vulin.<\/p>\n\n\n\n<p class=\"wp-block-paragraph\">On je optu\u017eio Schmidta da je svojim odlukama, kako tvrdi, naru\u0161io odnose me\u0111u narodima i doveo situaciju blizu ozbiljne krize u Republika Srpska.<\/p>\n\n\n\n<p class=\"wp-block-paragraph\">\u2013 On nije mogao da ukine Republiku Srpsku, niko ne mo\u017ee da ukine Republiku Srpsku, ali mo\u017eete da dovedete Srbe do pozicije da moraju da se brane \u2013 izjavio je Vulin.<\/p>\n\n\n\n<p class=\"wp-block-paragraph\">Dodao je da o\u010dekuje da \u0107e \u201cvelike sile\u201d nakon Schmidtovog odlaska \u201cvratiti stvari pravu\u201d, te smatra da bi institucije Republike Srpske trebale ponovo razmotriti zakone koji su ranije povu\u010deni ili izmijenjeni zbog odluka visokog predstavnika.<\/p>\n\n\n\n<p class=\"wp-block-paragraph\">Vulin se osvrnuo i na presudu protiv Milorad Dodik, tvrde\u0107i da bi ona trebala biti predmet revizije.<\/p>\n\n\n\n<p class=\"wp-block-paragraph\">\u2013 Ne mo\u017ee iz neprava da nastane pravo. \u0160to se grbo rodi vrijeme ne ispravi \u2013 rekao je Vulin.<\/p>\n","protected":false},"excerpt":{"rendered":"<p>Aleksandar Vulin komentarisao je odlazak Christian Schmidt s funkcije visokog predstavnika, ocijeniv\u0161i da je to \u201cnajve\u0107a usluga svim narodima u Bosni i Hercegovini\u201d. Govore\u0107i u emisiji \u201cDan na dan\u201d, Vulin je Bosnu i Hercegovinu uporedio sa \u201ckonzulskim vremenima\u201d iz Travni\u010dka hronika, navode\u0107i da strani predstavnici dolaze i odlaze, dok narodi koji \u017eive u BiH ostaju. [&hellip;]<\/p>\n","protected":false},"author":1,"featured_media":8167,"comment_status":"open","ping_status":"open","sticky":false,"template":"","format":"standard","meta":{"footnotes":""},"categories":[17],"tags":[193,1853],"class_list":["post-8166","post","type-post","status-publish","format-standard","has-post-thumbnail","hentry","category-bih","tag-bih","tag-vulin"],"_links":{"self":[{"href":"https:\/\/bihplus.ba\/index.php\/wp-json\/wp\/v2\/posts\/8166","targetHints":{"allow":["GET"]}}],"collection":[{"href":"https:\/\/bihplus.ba\/index.php\/wp-json\/wp\/v2\/posts"}],"about":[{"href":"https:\/\/bihplus.ba\/index.php\/wp-json\/wp\/v2\/types\/post"}],"author":[{"embeddable":true,"href":"https:\/\/bihplus.ba\/index.php\/wp-json\/wp\/v2\/users\/1"}],"replies":[{"embeddable":true,"href":"https:\/\/bihplus.ba\/index.php\/wp-json\/wp\/v2\/comments?post=8166"}],"version-history":[{"count":1,"href":"https:\/\/bihplus.ba\/index.php\/wp-json\/wp\/v2\/posts\/8166\/revisions"}],"predecessor-version":[{"id":8168,"href":"https:\/\/bihplus.ba\/index.php\/wp-json\/wp\/v2\/posts\/8166\/revisions\/8168"}],"wp:featuredmedia":[{"embeddable":true,"href":"https:\/\/bihplus.ba\/index.php\/wp-json\/wp\/v2\/media\/8167"}],"wp:attachment":[{"href":"https:\/\/bihplus.ba\/index.php\/wp-json\/wp\/v2\/media?parent=8166"}],"wp:term":[{"taxonomy":"category","embeddable":true,"href":"https:\/\/bihplus.ba\/index.php\/wp-json\/wp\/v2\/categories?post=8166"},{"taxonomy":"post_tag","embeddable":true,"href":"https:\/\/bihplus.ba\/index.php\/wp-json\/wp\/v2\/tags?post=8166"}],"curies":[{"name":"wp","href":"https:\/\/api.w.org\/{rel}","templated":true}]}}