{"id":8163,"date":"2026-05-12T15:34:19","date_gmt":"2026-05-12T15:34:19","guid":{"rendered":"https:\/\/bihplus.ba\/?p=8163"},"modified":"2026-05-12T15:34:22","modified_gmt":"2026-05-12T15:34:22","slug":"u-un-u-poruceno-da-su-secesija-i-treci-entitet-direktna-prijetnja-miru","status":"publish","type":"post","link":"https:\/\/bihplus.ba\/index.php\/2026\/05\/12\/u-un-u-poruceno-da-su-secesija-i-treci-entitet-direktna-prijetnja-miru\/","title":{"rendered":"U UN-u poru\u010deno da su secesija i tre\u0107i entitet direktna prijetnja miru"},"content":{"rendered":"\n<p class=\"wp-block-paragraph\">James Kariuki, ambasador Ujedinjeno Kraljevstvo pri Ujedinjene nacije, obratio se na sjednici Vije\u0107e sigurnosti Ujedinjenih nacija nakon predstavljanja izvje\u0161taja Christian Schmidt.<\/p>\n\n\n\n<p class=\"wp-block-paragraph\">Kariuki je zahvalio Schmidtu na radu u provedbi Dejtonski mirovni sporazum i poru\u010dio da \u0107e Vije\u0107e za provedbu mira (PIC) imenovati njegovog nasljednika.<\/p>\n\n\n\n<p class=\"wp-block-paragraph\">\u2013 Ponavljamo podr\u0161ku visokom predstavniku kao kamenu temeljcu civilne implementacije Dejtonskog sporazuma \u2013 rekao je britanski ambasador.<\/p>\n\n\n\n<p class=\"wp-block-paragraph\">Izrazio je zabrinutost politi\u010dkom situacijom u Bosni i Hercegovini, navode\u0107i da pojedini politi\u010dki akteri podrivaju demokratske procese, blokiraju zakonodavne aktivnosti i zloupotrebljavaju ustavne mehanizme, \u0161to, prema njegovim rije\u010dima, usporava euroatlantske integracije zemlje.<\/p>\n\n\n\n<p class=\"wp-block-paragraph\">Kariuki je tako\u0111er rekao da su nedavni izbori u Republika Srpska bili obilje\u017eeni \u201czna\u010dajnim nepravilnostima\u201d.<\/p>\n\n\n\n<p class=\"wp-block-paragraph\">Govore\u0107i o ustavnim reformama, istakao je da one moraju odra\u017eavati interese svih gra\u0111ana Bosne i Hercegovine, te podr\u017eao primjenu novih izbornih tehnologija radi ja\u010danja povjerenja u izborni proces.<\/p>\n\n\n\n<p class=\"wp-block-paragraph\">\u2013 Budu\u0107nost BiH ne smije biti talac politike podjela \u2013 poru\u010dio je.<\/p>\n\n\n\n<p class=\"wp-block-paragraph\">Posebno je upozorio na retoriku koja podsti\u010de etni\u010dke i vjerske tenzije, uklju\u010duju\u0107i pozive na otcjepljenje ili formiranje tre\u0107eg entiteta, ocjenjuju\u0107i da su takve ideje suprotne Dejtonskom sporazumu i predstavljaju rizik za mir i sigurnost.<\/p>\n\n\n\n<p class=\"wp-block-paragraph\">Na kraju je naglasio da Ujedinjeno Kraljevstvo podr\u017eava Program 5+2, ali smatra da uslovi za zatvaranje Ured visokog predstavnika (OHR) jo\u0161 nisu ispunjeni.<\/p>\n\n\n\n<p class=\"wp-block-paragraph\">\u2013 Sve dok ne budu ispunjeni, uloga visokog predstavnika ostat \u0107e klju\u010dna za o\u010duvanje mira \u2013 zaklju\u010dio je Kariuki.<\/p>\n","protected":false},"excerpt":{"rendered":"<p>James Kariuki, ambasador Ujedinjeno Kraljevstvo pri Ujedinjene nacije, obratio se na sjednici Vije\u0107e sigurnosti Ujedinjenih nacija nakon predstavljanja izvje\u0161taja Christian Schmidt. Kariuki je zahvalio Schmidtu na radu u provedbi Dejtonski mirovni sporazum i poru\u010dio da \u0107e Vije\u0107e za provedbu mira (PIC) imenovati njegovog nasljednika. \u2013 Ponavljamo podr\u0161ku visokom predstavniku kao kamenu temeljcu civilne implementacije Dejtonskog [&hellip;]<\/p>\n","protected":false},"author":1,"featured_media":8164,"comment_status":"open","ping_status":"open","sticky":false,"template":"","format":"standard","meta":{"footnotes":""},"categories":[17],"tags":[],"class_list":["post-8163","post","type-post","status-publish","format-standard","has-post-thumbnail","hentry","category-bih"],"_links":{"self":[{"href":"https:\/\/bihplus.ba\/index.php\/wp-json\/wp\/v2\/posts\/8163","targetHints":{"allow":["GET"]}}],"collection":[{"href":"https:\/\/bihplus.ba\/index.php\/wp-json\/wp\/v2\/posts"}],"about":[{"href":"https:\/\/bihplus.ba\/index.php\/wp-json\/wp\/v2\/types\/post"}],"author":[{"embeddable":true,"href":"https:\/\/bihplus.ba\/index.php\/wp-json\/wp\/v2\/users\/1"}],"replies":[{"embeddable":true,"href":"https:\/\/bihplus.ba\/index.php\/wp-json\/wp\/v2\/comments?post=8163"}],"version-history":[{"count":1,"href":"https:\/\/bihplus.ba\/index.php\/wp-json\/wp\/v2\/posts\/8163\/revisions"}],"predecessor-version":[{"id":8165,"href":"https:\/\/bihplus.ba\/index.php\/wp-json\/wp\/v2\/posts\/8163\/revisions\/8165"}],"wp:featuredmedia":[{"embeddable":true,"href":"https:\/\/bihplus.ba\/index.php\/wp-json\/wp\/v2\/media\/8164"}],"wp:attachment":[{"href":"https:\/\/bihplus.ba\/index.php\/wp-json\/wp\/v2\/media?parent=8163"}],"wp:term":[{"taxonomy":"category","embeddable":true,"href":"https:\/\/bihplus.ba\/index.php\/wp-json\/wp\/v2\/categories?post=8163"},{"taxonomy":"post_tag","embeddable":true,"href":"https:\/\/bihplus.ba\/index.php\/wp-json\/wp\/v2\/tags?post=8163"}],"curies":[{"name":"wp","href":"https:\/\/api.w.org\/{rel}","templated":true}]}}