{"id":8160,"date":"2026-05-12T08:35:02","date_gmt":"2026-05-12T08:35:02","guid":{"rendered":"https:\/\/bihplus.ba\/?p=8160"},"modified":"2026-05-12T08:35:07","modified_gmt":"2026-05-12T08:35:07","slug":"soreca-porucio-da-gradjani-trpe-zbog-neefikasnosti-politicara","status":"publish","type":"post","link":"https:\/\/bihplus.ba\/index.php\/2026\/05\/12\/soreca-porucio-da-gradjani-trpe-zbog-neefikasnosti-politicara\/","title":{"rendered":"Soreca poru\u010dio da gra\u0111ani trpe zbog neefikasnosti politi\u010dara"},"content":{"rendered":"\n<p class=\"wp-block-paragraph\">Luigi Soreca, specijalni predstavnik Evropske unije i \u0161ef Delegacija Evropske unije u Bosni i Hercegovini, izjavio je da je razo\u010daran radom i politi\u010dkom dinamikom vlasti u Bosni i Hercegovini, ocjenjuju\u0107i da trenutno prakti\u010dno ne postoji funkcionalna koalicija na dr\u017eavnom nivou.<\/p>\n\n\n\n<p class=\"wp-block-paragraph\">\u2013 Trenutno ne postoji koalicija na nivou Bosne i Hercegovine. Vi\u0161e od godinu dana to neminovno uti\u010de na kapacitet ovog kompleksnog mehanizma dono\u0161enja odluka. Ali moram vam re\u0107i, razo\u010daran sam \u2013 rekao je Soreca u intervjuu za Politicki.ba.<\/p>\n\n\n\n<p class=\"wp-block-paragraph\">Podsjetio je da je po dolasku u BiH prije dvije godine o\u010dekivao br\u017ei napredak na evropskom putu, navode\u0107i da su ostvareni odre\u0111eni pomaci u oblastima poput sigurnosti granica i reformske agende, ali da je, prema njegovim rije\u010dima, izostala potrebna politi\u010dka volja.<\/p>\n\n\n\n<p class=\"wp-block-paragraph\">Soreca smatra da su me\u0111usobno nepovjerenje i politi\u010dke blokade me\u0111u partnerima unutar vlasti usporili reformski proces.<\/p>\n\n\n\n<p class=\"wp-block-paragraph\">Upore\u0111uju\u0107i Bosnu i Hercegovinu sa zemljama regiona, posebno je izdvojio Crna Gora, koja je, kako je naveo, ve\u0107 u fazi pregovora o pristupanju Evropskoj uniji.<\/p>\n\n\n\n<p class=\"wp-block-paragraph\">\u2013 Nadam se da \u0107e to biti podsticaj doma\u0107im vlastima da odgovore na pozive gra\u0111ana \u2013 rekao je Soreca, dodaju\u0107i da o\u010dekuje da gra\u0111ani tokom predizborne kampanje insistiraju na ve\u0107oj odgovornosti politi\u010dkih predstavnika.<\/p>\n\n\n\n<p class=\"wp-block-paragraph\">Komentarisao je i mogu\u0107nost da Bosna i Hercegovina bude stavljena na sivu listu me\u0111unarodnih tijela za nadzor finansijskih tokova, uklju\u010duju\u0107i Financial Action Task Force (FATF) i Moneyval.<\/p>\n\n\n\n<p class=\"wp-block-paragraph\">Prema njegovim rije\u010dima, dio potrebnih zakonskih mjera usvojen je prekasno, dok mnogi drugi koraci nisu realizovani.<\/p>\n\n\n\n<p class=\"wp-block-paragraph\">\u2013 Vrlo je vjerovatno da \u0107e do toga do\u0107i \u2013 rekao je Soreca govore\u0107i o mogu\u0107em stavljanju BiH na sivu listu.<\/p>\n\n\n\n<p class=\"wp-block-paragraph\">Upozorio je da bi takva odluka mogla imati ozbiljne posljedice za gra\u0111ane i ekonomiju zemlje, uklju\u010duju\u0107i skuplje i sporije finansijske transakcije, ote\u017eane me\u0111unarodne investicije i dugotrajan proces eventualnog uklanjanja BiH sa sive liste.<\/p>\n","protected":false},"excerpt":{"rendered":"<p>Luigi Soreca, specijalni predstavnik Evropske unije i \u0161ef Delegacija Evropske unije u Bosni i Hercegovini, izjavio je da je razo\u010daran radom i politi\u010dkom dinamikom vlasti u Bosni i Hercegovini, ocjenjuju\u0107i da trenutno prakti\u010dno ne postoji funkcionalna koalicija na dr\u017eavnom nivou. \u2013 Trenutno ne postoji koalicija na nivou Bosne i Hercegovine. Vi\u0161e od godinu dana to [&hellip;]<\/p>\n","protected":false},"author":1,"featured_media":8161,"comment_status":"open","ping_status":"open","sticky":false,"template":"","format":"standard","meta":{"footnotes":""},"categories":[17],"tags":[193,1852],"class_list":["post-8160","post","type-post","status-publish","format-standard","has-post-thumbnail","hentry","category-bih","tag-bih","tag-luigi-soreca"],"_links":{"self":[{"href":"https:\/\/bihplus.ba\/index.php\/wp-json\/wp\/v2\/posts\/8160","targetHints":{"allow":["GET"]}}],"collection":[{"href":"https:\/\/bihplus.ba\/index.php\/wp-json\/wp\/v2\/posts"}],"about":[{"href":"https:\/\/bihplus.ba\/index.php\/wp-json\/wp\/v2\/types\/post"}],"author":[{"embeddable":true,"href":"https:\/\/bihplus.ba\/index.php\/wp-json\/wp\/v2\/users\/1"}],"replies":[{"embeddable":true,"href":"https:\/\/bihplus.ba\/index.php\/wp-json\/wp\/v2\/comments?post=8160"}],"version-history":[{"count":1,"href":"https:\/\/bihplus.ba\/index.php\/wp-json\/wp\/v2\/posts\/8160\/revisions"}],"predecessor-version":[{"id":8162,"href":"https:\/\/bihplus.ba\/index.php\/wp-json\/wp\/v2\/posts\/8160\/revisions\/8162"}],"wp:featuredmedia":[{"embeddable":true,"href":"https:\/\/bihplus.ba\/index.php\/wp-json\/wp\/v2\/media\/8161"}],"wp:attachment":[{"href":"https:\/\/bihplus.ba\/index.php\/wp-json\/wp\/v2\/media?parent=8160"}],"wp:term":[{"taxonomy":"category","embeddable":true,"href":"https:\/\/bihplus.ba\/index.php\/wp-json\/wp\/v2\/categories?post=8160"},{"taxonomy":"post_tag","embeddable":true,"href":"https:\/\/bihplus.ba\/index.php\/wp-json\/wp\/v2\/tags?post=8160"}],"curies":[{"name":"wp","href":"https:\/\/api.w.org\/{rel}","templated":true}]}}