{"id":8157,"date":"2026-05-12T08:27:07","date_gmt":"2026-05-12T08:27:07","guid":{"rendered":"https:\/\/bihplus.ba\/?p=8157"},"modified":"2026-05-12T08:27:11","modified_gmt":"2026-05-12T08:27:11","slug":"isak-drzava-je-prezivjela-mnoge-visoke-predstavnike-i-nastavit-ce-postojati","status":"publish","type":"post","link":"https:\/\/bihplus.ba\/index.php\/2026\/05\/12\/isak-drzava-je-prezivjela-mnoge-visoke-predstavnike-i-nastavit-ce-postojati\/","title":{"rendered":"Isak: Dr\u017eava je pre\u017eivjela mnoge visoke predstavnike i nastavit \u0107e postojati"},"content":{"rendered":"\n<p class=\"wp-block-paragraph\">Ramo Isak komentarisao je najavljeni odlazak Christian Schmidt sa funkcije visokog predstavnika, poru\u010div\u0161i da dr\u017eavnost Bosne i Hercegovine ne zavisi od jednog pojedinca niti od imena bilo kojeg visokog predstavnika.<\/p>\n\n\n\n<p class=\"wp-block-paragraph\">Isak je naglasio da, iako cijeni Schmidtov anga\u017eman u BiH, smatra pogre\u0161nim stvaranje narativa prema kojem bi odlazak jednog visokog predstavnika mogao ugroziti opstanak dr\u017eave.<\/p>\n\n\n\n<p class=\"wp-block-paragraph\">\u2013 Bosna i Hercegovina ne ovisi o njegovom imenu, kao \u0161to ne ovisi ni o imenu bilo kojeg pojedinca \u2013 naveo je Isak.<\/p>\n\n\n\n<p class=\"wp-block-paragraph\">Podsjetio je na ranije visoke predstavnike, me\u0111u kojima su Carl Bildt, Carlos Westendorp, Wolfgang Petritsch, Paddy Ashdown, Christian Schwarz-Schilling, Miroslav Laj\u010d\u00e1k i Valentin Inzko, isti\u010du\u0107i da je Bosna i Hercegovina nastavila postojati i nakon svake promjene na \u010delu Ured visokog predstavnika (OHR).<\/p>\n\n\n\n<p class=\"wp-block-paragraph\">Govore\u0107i o razvoju dr\u017eave nakon Dejtonski mirovni sporazum, Isak je rekao da je BiH, uprkos brojnim politi\u010dkim krizama i blokadama, ipak ja\u010dala institucije, sigurnosni sistem i ekonomiju.<\/p>\n\n\n\n<p class=\"wp-block-paragraph\">Posebno je izdvojio Schmidtove odluke koje su, prema njegovim rije\u010dima, imale va\u017enu ulogu u o\u010duvanju ustavnog poretka, finansiranju izbora i poni\u0161tavanju odluka vlasti iz Republika Srpska koje su ocijenjene neustavnim.<\/p>\n\n\n\n<p class=\"wp-block-paragraph\">Na kraju je poru\u010dio da Vije\u0107e za provedbu mira (PIC) ima odgovornost imenovati novog visokog predstavnika koji \u0107e nastaviti podr\u017eavati evropski i euroatlantski put Bosne i Hercegovine.<\/p>\n\n\n\n<p class=\"wp-block-paragraph\">\u2013 Odlazak Christiana Schmidta ne zna\u010di niti mo\u017ee zna\u010diti ga\u0161enje OHR-a \u2013 zaklju\u010dio je Isak.<\/p>\n","protected":false},"excerpt":{"rendered":"<p>Ramo Isak komentarisao je najavljeni odlazak Christian Schmidt sa funkcije visokog predstavnika, poru\u010div\u0161i da dr\u017eavnost Bosne i Hercegovine ne zavisi od jednog pojedinca niti od imena bilo kojeg visokog predstavnika. Isak je naglasio da, iako cijeni Schmidtov anga\u017eman u BiH, smatra pogre\u0161nim stvaranje narativa prema kojem bi odlazak jednog visokog predstavnika mogao ugroziti opstanak dr\u017eave. [&hellip;]<\/p>\n","protected":false},"author":1,"featured_media":8158,"comment_status":"open","ping_status":"open","sticky":false,"template":"","format":"standard","meta":{"footnotes":""},"categories":[17],"tags":[193,1156],"class_list":["post-8157","post","type-post","status-publish","format-standard","has-post-thumbnail","hentry","category-bih","tag-bih","tag-ramo-isak"],"_links":{"self":[{"href":"https:\/\/bihplus.ba\/index.php\/wp-json\/wp\/v2\/posts\/8157","targetHints":{"allow":["GET"]}}],"collection":[{"href":"https:\/\/bihplus.ba\/index.php\/wp-json\/wp\/v2\/posts"}],"about":[{"href":"https:\/\/bihplus.ba\/index.php\/wp-json\/wp\/v2\/types\/post"}],"author":[{"embeddable":true,"href":"https:\/\/bihplus.ba\/index.php\/wp-json\/wp\/v2\/users\/1"}],"replies":[{"embeddable":true,"href":"https:\/\/bihplus.ba\/index.php\/wp-json\/wp\/v2\/comments?post=8157"}],"version-history":[{"count":1,"href":"https:\/\/bihplus.ba\/index.php\/wp-json\/wp\/v2\/posts\/8157\/revisions"}],"predecessor-version":[{"id":8159,"href":"https:\/\/bihplus.ba\/index.php\/wp-json\/wp\/v2\/posts\/8157\/revisions\/8159"}],"wp:featuredmedia":[{"embeddable":true,"href":"https:\/\/bihplus.ba\/index.php\/wp-json\/wp\/v2\/media\/8158"}],"wp:attachment":[{"href":"https:\/\/bihplus.ba\/index.php\/wp-json\/wp\/v2\/media?parent=8157"}],"wp:term":[{"taxonomy":"category","embeddable":true,"href":"https:\/\/bihplus.ba\/index.php\/wp-json\/wp\/v2\/categories?post=8157"},{"taxonomy":"post_tag","embeddable":true,"href":"https:\/\/bihplus.ba\/index.php\/wp-json\/wp\/v2\/tags?post=8157"}],"curies":[{"name":"wp","href":"https:\/\/api.w.org\/{rel}","templated":true}]}}