{"id":8151,"date":"2026-05-11T19:40:16","date_gmt":"2026-05-11T19:40:16","guid":{"rendered":"https:\/\/bihplus.ba\/?p=8151"},"modified":"2026-05-11T19:40:20","modified_gmt":"2026-05-11T19:40:20","slug":"italijanski-diplomata-sa-jakim-vezama-prema-srbiji-kandidat-za-ohr","status":"publish","type":"post","link":"https:\/\/bihplus.ba\/index.php\/2026\/05\/11\/italijanski-diplomata-sa-jakim-vezama-prema-srbiji-kandidat-za-ohr\/","title":{"rendered":"Italijanski diplomata sa jakim vezama prema Srbiji kandidat za OHR"},"content":{"rendered":"\n<p class=\"wp-block-paragraph\">Antonio Zanardi Landi, kojeg pojedini mediji navode kao mogu\u0107eg nasljednika Christian Schmidt na \u010delu Ured visokog predstavnika (OHR), iza sebe ima dugu diplomatsku karijeru obilje\u017eenu anga\u017emanima u Srbija, Rusija i pri italijanskom dr\u017eavnom vrhu.<\/p>\n\n\n\n<p class=\"wp-block-paragraph\">Landi je ro\u0111en 1950. godine u Udine, diplomirao je pravo na Univerzitetu u Padovi, a diplomatsku karijeru zapo\u010deo krajem sedamdesetih godina. Bio je ambasador Italije u tada\u0161njoj Dr\u017eavnoj zajednici Srbije i Crne Gore, zatim ambasador u Ruskoj Federaciji i Turkmenistanu, kao i diplomatski savjetnik predsjednika Italije.<\/p>\n\n\n\n<p class=\"wp-block-paragraph\">Mediji podsje\u0107aju da je jo\u0161 2015. godine najavljeno njegovo povla\u010denje iz aktivne diplomatske slu\u017ebe, zbog \u010dega ostaje otvoreno pitanje da li bi se, u 76. godini \u017eivota, vratio iz penzije kako bi preuzeo funkciju visokog predstavnika u BiH.<\/p>\n\n\n\n<p class=\"wp-block-paragraph\">Pojedini analiti\u010dari smatraju da bi Landi mogao biti prihvatljiviji politi\u010dkim akterima iz Republika Srpska i Moskve zbog ranijih stavova i diplomatskih kontakata. U tom kontekstu se spominju i ocjene Adnan \u0106erimagi\u0107 iz European Stability Initiative (ESI), koji tvrdi da bi Washington mogao tra\u017eiti kandidata sposobnog za komunikaciju sa Banjom Lukom i prihvatljivog Moskvi.<\/p>\n\n\n\n<p class=\"wp-block-paragraph\">U intervjuu za srbijanski list Politika iz 2023. godine, Landi je govorio o va\u017enosti Srbije za Evropu i italijansku vanjsku politiku, navode\u0107i da Beograd ima \u201cva\u017enu ulogu u Evropi\u201d. Tako\u0111er je izrazio nadu da \u0107e Rusija jednog dana biti vi\u0161e integrisana sa Evropom \u201cod Atlantika do Vladivostoka\u201d.<\/p>\n\n\n\n<p class=\"wp-block-paragraph\">Landi je poznat i po kulturnim vezama sa Srbijom. Kao predsjednik Fondacije Akvileja organizirao je izlo\u017ebu <strong>\u201cBlago i carevi \u2013 rasko\u0161 rimske Srbije\u201d<\/strong>, realizovanu u saradnji sa Narodni muzej u Beogradu.<\/p>\n\n\n\n<p class=\"wp-block-paragraph\">Za eventualno imenovanje novog visokog predstavnika potrebna je saglasnost Vije\u0107e za provedbu mira (PIC), dok Rusija ve\u0107 godinama osporava na\u010din izbora Christiana Schmidta, tvrde\u0107i da njegovo imenovanje nije potvr\u0111eno u Vije\u0107e sigurnosti Ujedinjenih nacija.<\/p>\n","protected":false},"excerpt":{"rendered":"<p>Antonio Zanardi Landi, kojeg pojedini mediji navode kao mogu\u0107eg nasljednika Christian Schmidt na \u010delu Ured visokog predstavnika (OHR), iza sebe ima dugu diplomatsku karijeru obilje\u017eenu anga\u017emanima u Srbija, Rusija i pri italijanskom dr\u017eavnom vrhu. Landi je ro\u0111en 1950. godine u Udine, diplomirao je pravo na Univerzitetu u Padovi, a diplomatsku karijeru zapo\u010deo krajem sedamdesetih godina. [&hellip;]<\/p>\n","protected":false},"author":1,"featured_media":8152,"comment_status":"open","ping_status":"open","sticky":false,"template":"","format":"standard","meta":{"footnotes":""},"categories":[17],"tags":[],"class_list":["post-8151","post","type-post","status-publish","format-standard","has-post-thumbnail","hentry","category-bih"],"_links":{"self":[{"href":"https:\/\/bihplus.ba\/index.php\/wp-json\/wp\/v2\/posts\/8151","targetHints":{"allow":["GET"]}}],"collection":[{"href":"https:\/\/bihplus.ba\/index.php\/wp-json\/wp\/v2\/posts"}],"about":[{"href":"https:\/\/bihplus.ba\/index.php\/wp-json\/wp\/v2\/types\/post"}],"author":[{"embeddable":true,"href":"https:\/\/bihplus.ba\/index.php\/wp-json\/wp\/v2\/users\/1"}],"replies":[{"embeddable":true,"href":"https:\/\/bihplus.ba\/index.php\/wp-json\/wp\/v2\/comments?post=8151"}],"version-history":[{"count":1,"href":"https:\/\/bihplus.ba\/index.php\/wp-json\/wp\/v2\/posts\/8151\/revisions"}],"predecessor-version":[{"id":8153,"href":"https:\/\/bihplus.ba\/index.php\/wp-json\/wp\/v2\/posts\/8151\/revisions\/8153"}],"wp:featuredmedia":[{"embeddable":true,"href":"https:\/\/bihplus.ba\/index.php\/wp-json\/wp\/v2\/media\/8152"}],"wp:attachment":[{"href":"https:\/\/bihplus.ba\/index.php\/wp-json\/wp\/v2\/media?parent=8151"}],"wp:term":[{"taxonomy":"category","embeddable":true,"href":"https:\/\/bihplus.ba\/index.php\/wp-json\/wp\/v2\/categories?post=8151"},{"taxonomy":"post_tag","embeddable":true,"href":"https:\/\/bihplus.ba\/index.php\/wp-json\/wp\/v2\/tags?post=8151"}],"curies":[{"name":"wp","href":"https:\/\/api.w.org\/{rel}","templated":true}]}}