{"id":7745,"date":"2026-05-03T07:19:26","date_gmt":"2026-05-03T07:19:26","guid":{"rendered":"https:\/\/bihplus.ba\/?p=7745"},"modified":"2026-05-03T07:20:43","modified_gmt":"2026-05-03T07:20:43","slug":"suncano-i-toplo-u-bih-ali-meteorolozi-najavljuju-promjenu-vremena","status":"publish","type":"post","link":"https:\/\/bihplus.ba\/index.php\/2026\/05\/03\/suncano-i-toplo-u-bih-ali-meteorolozi-najavljuju-promjenu-vremena\/","title":{"rendered":"Sun\u010dano i toplo u BiH, ali meteorolozi najavljuju promjenu vremena"},"content":{"rendered":"\n<p class=\"wp-block-paragraph\">Prema podacima Federalni hidrometeorolo\u0161ki zavod, jutros je u Bosna i Hercegovina preovladavalo prete\u017eno sun\u010dano vrijeme.<\/p>\n\n\n\n<p class=\"wp-block-paragraph\">U 8:00 sati izmjerene su temperature:<\/p>\n\n\n\n<ul class=\"wp-block-list\">\n<li>Sokolac 4\u00b0C<\/li>\n\n\n\n<li>Ivan Sedlo i Jajce 5\u00b0C<\/li>\n\n\n\n<li>Banja Luka, Livno i Sarajevo 8\u00b0C<\/li>\n\n\n\n<li>Tuzla 9\u00b0C<\/li>\n\n\n\n<li>Trebinje 12\u00b0C<\/li>\n\n\n\n<li>Mostar 13\u00b0C<\/li>\n<\/ul>\n\n\n\n<p class=\"wp-block-paragraph\">Danas se \u0161irom zemlje o\u010dekuje sun\u010dano vrijeme uz slab do umjeren vjetar sjevernog i sjeveroisto\u010dnog smjera. Dnevne temperature kretat \u0107e se izme\u0111u 19 i 25\u00b0C, dok \u0107e u Sarajevu maksimalna temperatura biti oko 20\u00b0C.<\/p>\n\n\n\n<p class=\"wp-block-paragraph\">U ponedjeljak, 4. maja, nastavlja se stabilno i sun\u010dano vrijeme. Jutarnje temperature bit \u0107e izme\u0111u 2 i 7\u00b0C (na jugu do 11\u00b0C), a dnevne od 20 do 26\u00b0C.<\/p>\n\n\n\n<p class=\"wp-block-paragraph\">U utorak, 5. maja, o\u010dekuje se postepeno naobla\u010denje sa zapada, uz mogu\u0107nost kratkotrajnih lokalnih pljuskova u poslijepodnevnim i ve\u010dernjim satima. Temperature ostaju sli\u010dne.<\/p>\n\n\n\n<p class=\"wp-block-paragraph\">U srijedu, 6. maja, prognozira se prete\u017eno obla\u010dno vrijeme sa slabom ki\u0161om i ne\u0161to ni\u017eim dnevnim temperaturama izme\u0111u 17 i 22\u00b0C.<\/p>\n\n\n\n<p class=\"wp-block-paragraph\">U \u010detvrtak, 7. maja, o\u010dekuje se nestabilnije vrijeme uz pljuskove i grmljavinu, uz temperature od 18 do 24\u00b0C.<\/p>\n\n\n\n<p class=\"wp-block-paragraph\">Nakon sun\u010danog po\u010detka sedmice, sredinom sedmice slijedi postepeno pogor\u0161anje vremena uz vi\u0161e oblaka i padavina.<\/p>\n","protected":false},"excerpt":{"rendered":"<p>Prema podacima Federalni hidrometeorolo\u0161ki zavod, jutros je u Bosna i Hercegovina preovladavalo prete\u017eno sun\u010dano vrijeme. U 8:00 sati izmjerene su temperature: Danas se \u0161irom zemlje o\u010dekuje sun\u010dano vrijeme uz slab do umjeren vjetar sjevernog i sjeveroisto\u010dnog smjera. Dnevne temperature kretat \u0107e se izme\u0111u 19 i 25\u00b0C, dok \u0107e u Sarajevu maksimalna temperatura biti oko 20\u00b0C. [&hellip;]<\/p>\n","protected":false},"author":1,"featured_media":7748,"comment_status":"open","ping_status":"open","sticky":false,"template":"","format":"standard","meta":{"footnotes":""},"categories":[17],"tags":[1168,1102,1753],"class_list":["post-7745","post","type-post","status-publish","format-standard","has-post-thumbnail","hentry","category-bih","tag-prognoza","tag-vremenska-prognoza","tag-vrijeme"],"_links":{"self":[{"href":"https:\/\/bihplus.ba\/index.php\/wp-json\/wp\/v2\/posts\/7745","targetHints":{"allow":["GET"]}}],"collection":[{"href":"https:\/\/bihplus.ba\/index.php\/wp-json\/wp\/v2\/posts"}],"about":[{"href":"https:\/\/bihplus.ba\/index.php\/wp-json\/wp\/v2\/types\/post"}],"author":[{"embeddable":true,"href":"https:\/\/bihplus.ba\/index.php\/wp-json\/wp\/v2\/users\/1"}],"replies":[{"embeddable":true,"href":"https:\/\/bihplus.ba\/index.php\/wp-json\/wp\/v2\/comments?post=7745"}],"version-history":[{"count":1,"href":"https:\/\/bihplus.ba\/index.php\/wp-json\/wp\/v2\/posts\/7745\/revisions"}],"predecessor-version":[{"id":7746,"href":"https:\/\/bihplus.ba\/index.php\/wp-json\/wp\/v2\/posts\/7745\/revisions\/7746"}],"wp:featuredmedia":[{"embeddable":true,"href":"https:\/\/bihplus.ba\/index.php\/wp-json\/wp\/v2\/media\/7748"}],"wp:attachment":[{"href":"https:\/\/bihplus.ba\/index.php\/wp-json\/wp\/v2\/media?parent=7745"}],"wp:term":[{"taxonomy":"category","embeddable":true,"href":"https:\/\/bihplus.ba\/index.php\/wp-json\/wp\/v2\/categories?post=7745"},{"taxonomy":"post_tag","embeddable":true,"href":"https:\/\/bihplus.ba\/index.php\/wp-json\/wp\/v2\/tags?post=7745"}],"curies":[{"name":"wp","href":"https:\/\/api.w.org\/{rel}","templated":true}]}}