{"id":7315,"date":"2026-04-27T14:57:51","date_gmt":"2026-04-27T14:57:51","guid":{"rendered":"https:\/\/bihplus.ba\/?p=7315"},"modified":"2026-04-27T14:57:55","modified_gmt":"2026-04-27T14:57:55","slug":"ko-je-gdje-zastupljen-konakovic-najavio-objavu-podataka","status":"publish","type":"post","link":"https:\/\/bihplus.ba\/index.php\/2026\/04\/27\/ko-je-gdje-zastupljen-konakovic-najavio-objavu-podataka\/","title":{"rendered":"Ko je gdje zastupljen: Konakovi\u0107 najavio objavu podataka"},"content":{"rendered":"\n<p class=\"wp-block-paragraph\">Elmedin Konakovi\u0107, ministar vanjskih poslova Bosna i Hercegovina, najavio je odr\u017eavanje me\u0111unarodne konferencije po\u010detkom juna koja \u0107e biti posve\u0107ena implementaciji Dejtonski mirovni sporazum.<\/p>\n\n\n\n<p class=\"wp-block-paragraph\">Kako je naveo, poseban fokus konferencije bit \u0107e na zastupljenosti tri konstitutivna naroda i Ostalih u institucijama vlasti \u2013 od rukovode\u0107ih funkcija do ukupnog broja zaposlenih na svim nivoima.<\/p>\n\n\n\n<p class=\"wp-block-paragraph\">Konakovi\u0107 je iznio stav da \u0107e analiza pokazati kako su Hrvati, prema njegovom mi\u0161ljenju, zastupljeni u ve\u0107em broju nego \u0161to im pripada po Ustavu i zakonima, dok \u0161tetu trpe Bo\u0161njaci kao najbrojniji narod, ali i gra\u0111ani koji ne pripadaju konstitutivnim narodima.<\/p>\n\n\n\n<p class=\"wp-block-paragraph\">Tako\u0111er je kritikovao politi\u010dke narative o ugro\u017eenosti Hrvata, povezuju\u0107i ih s predizbornim kampanjama i nedostatkom konkretnih rezultata, te s podr\u0161kom odre\u0111enih politi\u010dkih aktera blokadama institucija.<\/p>\n\n\n\n<p class=\"wp-block-paragraph\">Naglasio je da \u0107e konferencija ponuditi konkretne podatke o raspodjeli funkcija i zaposlenih u dr\u017eavnim, entitetskim i kantonalnim institucijama, kao i demografsku sliku zemlje, s ciljem da se, kako ka\u017ee, na politi\u010dke optu\u017ebe odgovori \u010dinjenicama i analizama.<\/p>\n","protected":false},"excerpt":{"rendered":"<p>Elmedin Konakovi\u0107, ministar vanjskih poslova Bosna i Hercegovina, najavio je odr\u017eavanje me\u0111unarodne konferencije po\u010detkom juna koja \u0107e biti posve\u0107ena implementaciji Dejtonski mirovni sporazum. Kako je naveo, poseban fokus konferencije bit \u0107e na zastupljenosti tri konstitutivna naroda i Ostalih u institucijama vlasti \u2013 od rukovode\u0107ih funkcija do ukupnog broja zaposlenih na svim nivoima. Konakovi\u0107 je iznio [&hellip;]<\/p>\n","protected":false},"author":1,"featured_media":7316,"comment_status":"open","ping_status":"open","sticky":false,"template":"","format":"standard","meta":{"footnotes":""},"categories":[17],"tags":[1688],"class_list":["post-7315","post","type-post","status-publish","format-standard","has-post-thumbnail","hentry","category-bih","tag-konakovic"],"_links":{"self":[{"href":"https:\/\/bihplus.ba\/index.php\/wp-json\/wp\/v2\/posts\/7315","targetHints":{"allow":["GET"]}}],"collection":[{"href":"https:\/\/bihplus.ba\/index.php\/wp-json\/wp\/v2\/posts"}],"about":[{"href":"https:\/\/bihplus.ba\/index.php\/wp-json\/wp\/v2\/types\/post"}],"author":[{"embeddable":true,"href":"https:\/\/bihplus.ba\/index.php\/wp-json\/wp\/v2\/users\/1"}],"replies":[{"embeddable":true,"href":"https:\/\/bihplus.ba\/index.php\/wp-json\/wp\/v2\/comments?post=7315"}],"version-history":[{"count":1,"href":"https:\/\/bihplus.ba\/index.php\/wp-json\/wp\/v2\/posts\/7315\/revisions"}],"predecessor-version":[{"id":7317,"href":"https:\/\/bihplus.ba\/index.php\/wp-json\/wp\/v2\/posts\/7315\/revisions\/7317"}],"wp:featuredmedia":[{"embeddable":true,"href":"https:\/\/bihplus.ba\/index.php\/wp-json\/wp\/v2\/media\/7316"}],"wp:attachment":[{"href":"https:\/\/bihplus.ba\/index.php\/wp-json\/wp\/v2\/media?parent=7315"}],"wp:term":[{"taxonomy":"category","embeddable":true,"href":"https:\/\/bihplus.ba\/index.php\/wp-json\/wp\/v2\/categories?post=7315"},{"taxonomy":"post_tag","embeddable":true,"href":"https:\/\/bihplus.ba\/index.php\/wp-json\/wp\/v2\/tags?post=7315"}],"curies":[{"name":"wp","href":"https:\/\/api.w.org\/{rel}","templated":true}]}}