{"id":560,"date":"2025-11-06T18:37:16","date_gmt":"2025-11-06T18:37:16","guid":{"rendered":"https:\/\/bihplus.ba\/?p=560"},"modified":"2025-12-27T07:31:38","modified_gmt":"2025-12-27T07:31:38","slug":"molba-rusima-milorad-dodik-zeli-protjerati-eufor","status":"publish","type":"post","link":"https:\/\/bihplus.ba\/index.php\/2025\/11\/06\/molba-rusima-milorad-dodik-zeli-protjerati-eufor\/","title":{"rendered":"MOLBA RUSIMA: Milorad Dodik \u017eeli protjerati EUFOR"},"content":{"rendered":"\n<h2 class=\"wp-block-heading\"><strong>Dodik najavio put u Moskvu: Tra\u017eit \u0107u ruski veto na produ\u017eenje misije EUFOR-a \u201cAlthea\u201d<\/strong><\/h2>\n\n\n\n<p class=\"wp-block-paragraph\">Smijenjeni predsjednik Republike Srpske i lider SNSD-a <strong>Milorad Dodik<\/strong>, kojem je mandat oduzet nakon pravomo\u0107ne presude Suda BiH, najavio je da uskoro putuje u <strong>Moskvu<\/strong>, gdje \u0107e od ruskih zvani\u010dnika zatra\u017eiti da u <strong>Vije\u0107u sigurnosti Ujedinjenih naroda<\/strong> ulo\u017ee <strong>veto na produ\u017eenje mandata misije EUFOR-a \u201cAlthea\u201d<\/strong> u Bosni i Hercegovini.<\/p>\n\n\n\n<h3 class=\"wp-block-heading\"><strong>\u201cBiH je pod okupacijom\u201d<\/strong><\/h3>\n\n\n\n<p class=\"wp-block-paragraph\">U razgovoru za ruski <strong>Sputnik<\/strong>, Dodik je izjavio da Bosna i Hercegovina vi\u0161e nije suverena dr\u017eava, ve\u0107 \u201cteritorij pod me\u0111unarodnom okupacijom\u201d.<\/p>\n\n\n\n<blockquote class=\"wp-block-quote is-layout-flow wp-block-quote-is-layout-flow\">\n<p class=\"wp-block-paragraph\">\u201cImate lokalnu civilnu upravu od strane stranca koji se zove Schmidt i oru\u017eani dio te okupacije koji se zove Althea. Mi \u017eelimo da sklonimo i jedno i drugo. A da bismo to u\u010dinili \u2013 moramo biti posebna dr\u017eava\u201d, rekao je Dodik.<\/p>\n<\/blockquote>\n\n\n\n<p class=\"wp-block-paragraph\">Dodao je da je <strong>cilj Republike Srpske<\/strong> \u201cosloboditi se stranog upravljanja\u201d i da to, kako tvrdi, nije mogu\u0107e u okviru postoje\u0107eg ustavnog poretka BiH.<\/p>\n\n\n\n<h3 class=\"wp-block-heading\"><strong>Zahtjev Moskvi: \u201cUkinite pristanak na misiju Althea\u201d<\/strong><\/h3>\n\n\n\n<p class=\"wp-block-paragraph\">Na pitanje \u0161to \u0107e konkretno tra\u017eiti u Moskvi, Dodik je odgovorio da \u0107e <strong>Rusiju pozvati da iskoristi pravo veta<\/strong> u Vije\u0107u sigurnosti UN-a i sprije\u010di produ\u017eenje mandata EUFOR-ove misije.<\/p>\n\n\n\n<blockquote class=\"wp-block-quote is-layout-flow wp-block-quote-is-layout-flow\">\n<p class=\"wp-block-paragraph\">\u201cOne su se naj\u010de\u0161\u0107e koristile kao prijetnja nama Srbima i kao dio okupacione me\u0111unarodne vlasti. Da bismo se oslobodili svega toga, moramo tra\u017eiti da se povuku te okupacione snage i da se stranci sklone od odlu\u010divanja\u201d, poru\u010dio je Dodik.<\/p>\n<\/blockquote>\n\n\n\n<p class=\"wp-block-paragraph\">Prema njegovim rije\u010dima, \u201cto nije mogu\u0107e posti\u0107i na razini Bosne i Hercegovine\u201d, pa Republika Srpska \u201cmora proglasiti nezavisnost i izgraditi vlastiti sistem funkcioniranja \u2013 mimo Sarajeva i stranaca\u201d.<\/p>\n\n\n\n<h3 class=\"wp-block-heading\"><strong>Odnosi Rusije i SAD-a: \u201cVidimo dogovor Putina i Trumpa\u201d<\/strong><\/h3>\n\n\n\n<p class=\"wp-block-paragraph\">Govore\u0107i o globalnim politi\u010dkim odnosima, Dodik je istakao da o\u010dekuje <strong>\u201cotopljavanje odnosa\u201d izme\u0111u Rusije i Sjedinjenih Dr\u017eava<\/strong>, posebno nakon povratka <strong>Donalda Trumpa<\/strong> na me\u0111unarodnu politi\u010dku scenu.<\/p>\n\n\n\n<blockquote class=\"wp-block-quote is-layout-flow wp-block-quote-is-layout-flow\">\n<p class=\"wp-block-paragraph\">\u201cSad se vidi da \u0107e o\u010digledno do\u0107i ne samo do otopljavanja nego i do dogovora izme\u0111u predsjednika Putina i predsjednika Trumpa. Vidimo Europljane kako doslovno kme\u010de \u010dekaju\u0107i red\u201d, rekao je Dodik.<\/p>\n<\/blockquote>\n\n\n\n<p class=\"wp-block-paragraph\">Prisjetio se i ranijeg gostovanja u Be\u010du, gdje je, kako ka\u017ee, \u201cupozorio zapadne diplomate da \u0107e se jednog dana redati pred Putinom\u201d.<\/p>\n\n\n\n<blockquote class=\"wp-block-quote is-layout-flow wp-block-quote-is-layout-flow\">\n<p class=\"wp-block-paragraph\">\u201cRekao sam im \u2013 kad sve ovo zavr\u0161i i vi budete \u010dekali u redu pred Putinom, ja ne\u0107u mo\u0107i pro\u0107i od vas. To se ve\u0107 doga\u0111a\u201d, dodao je Dodik.<\/p>\n<\/blockquote>\n\n\n\n<h3 class=\"wp-block-heading\"><strong>\u201cKona\u010dni referendum o samostalnosti\u201d<\/strong><\/h3>\n\n\n\n<p class=\"wp-block-paragraph\">Dodik je <strong>misiju EUFOR-a \u201cAlthea\u201d<\/strong> nazvao \u201coru\u017eanom formacijom okupacije u BiH\u201d, isti\u010du\u0107i da \u0107e <strong>uklanjanje te misije biti preduvjet za raspisivanje kona\u010dnog referenduma o samostalnosti Republike Srpske<\/strong>.<\/p>\n\n\n\n<blockquote class=\"wp-block-quote is-layout-flow wp-block-quote-is-layout-flow\">\n<p class=\"wp-block-paragraph\">\u201cPrvo treba da se oslobodimo Althee, koja je oru\u017eana formacija okupacije u BiH. I to \u0107emo u\u010diniti. To \u0107u zamoliti na\u0161e ruske prijatelje da nam pomognu\u201d, zaklju\u010dio je Dodik.<\/p>\n<\/blockquote>\n","protected":false},"excerpt":{"rendered":"<p>Dodik najavio put u Moskvu: Tra\u017eit \u0107u ruski veto na produ\u017eenje misije EUFOR-a \u201cAlthea\u201d Smijenjeni predsjednik Republike Srpske i lider SNSD-a Milorad Dodik, kojem je mandat oduzet nakon pravomo\u0107ne presude Suda BiH, najavio je da uskoro putuje u Moskvu, gdje \u0107e od ruskih zvani\u010dnika zatra\u017eiti da u Vije\u0107u sigurnosti Ujedinjenih naroda ulo\u017ee veto na produ\u017eenje [&hellip;]<\/p>\n","protected":false},"author":1,"featured_media":561,"comment_status":"open","ping_status":"open","sticky":false,"template":"","format":"standard","meta":{"footnotes":""},"categories":[19],"tags":[193,82,100,41,191,262,40,164,263,170],"class_list":["post-560","post","type-post","status-publish","format-standard","has-post-thumbnail","hentry","category-svijet","tag-bih","tag-christian-schmidt","tag-eufor-althea","tag-milorad-dodik","tag-moskva","tag-referendum-o-nezavisnosti","tag-republika-srpska","tag-rusija","tag-vijece-sigurnosti-un-a","tag-vladimir-putin"],"_links":{"self":[{"href":"https:\/\/bihplus.ba\/index.php\/wp-json\/wp\/v2\/posts\/560","targetHints":{"allow":["GET"]}}],"collection":[{"href":"https:\/\/bihplus.ba\/index.php\/wp-json\/wp\/v2\/posts"}],"about":[{"href":"https:\/\/bihplus.ba\/index.php\/wp-json\/wp\/v2\/types\/post"}],"author":[{"embeddable":true,"href":"https:\/\/bihplus.ba\/index.php\/wp-json\/wp\/v2\/users\/1"}],"replies":[{"embeddable":true,"href":"https:\/\/bihplus.ba\/index.php\/wp-json\/wp\/v2\/comments?post=560"}],"version-history":[{"count":2,"href":"https:\/\/bihplus.ba\/index.php\/wp-json\/wp\/v2\/posts\/560\/revisions"}],"predecessor-version":[{"id":1408,"href":"https:\/\/bihplus.ba\/index.php\/wp-json\/wp\/v2\/posts\/560\/revisions\/1408"}],"wp:featuredmedia":[{"embeddable":true,"href":"https:\/\/bihplus.ba\/index.php\/wp-json\/wp\/v2\/media\/561"}],"wp:attachment":[{"href":"https:\/\/bihplus.ba\/index.php\/wp-json\/wp\/v2\/media?parent=560"}],"wp:term":[{"taxonomy":"category","embeddable":true,"href":"https:\/\/bihplus.ba\/index.php\/wp-json\/wp\/v2\/categories?post=560"},{"taxonomy":"post_tag","embeddable":true,"href":"https:\/\/bihplus.ba\/index.php\/wp-json\/wp\/v2\/tags?post=560"}],"curies":[{"name":"wp","href":"https:\/\/api.w.org\/{rel}","templated":true}]}}