{"id":4147,"date":"2026-02-12T21:15:40","date_gmt":"2026-02-12T21:15:40","guid":{"rendered":"https:\/\/bihplus.ba\/?p=4147"},"modified":"2026-02-12T21:15:44","modified_gmt":"2026-02-12T21:15:44","slug":"ramazan-2026-kada-pocinje-post-i-kada-je-bajram","status":"publish","type":"post","link":"https:\/\/bihplus.ba\/index.php\/2026\/02\/12\/ramazan-2026-kada-pocinje-post-i-kada-je-bajram\/","title":{"rendered":"Ramazan 2026: Kada po\u010dinje post i kada je Bajram"},"content":{"rendered":"\n<h2 class=\"wp-block-heading\">Objavljeni klju\u010dni datumi prema Takvimu Islamske zajednice u BiH<\/h2>\n\n\n\n<p>Sa zalaskom sunca u <strong>srijedu, 18. februara 2026. godine<\/strong>, muslimani u Bosni i Hercegovini i \u0161irom svijeta do\u010dekuju <strong>mjesec ramazan<\/strong>, period posta, ibadeta i duhovne obnove.<\/p>\n\n\n\n<p>Prema Takvimu <strong>Islamske zajednice u Bosni i Hercegovini<\/strong>, <strong>prvi dan posta je \u010detvrtak, 19. februar 2026. godine<\/strong>, dok ramazanski dani traju do Ramazanskog bajrama.<\/p>\n\n\n\n<h2 class=\"wp-block-heading\">Post kao jedan od temelja islama<\/h2>\n\n\n\n<p>Post u mjesecu ramazanu jedan je od <strong>pet temeljnih stubova islama<\/strong> i obaveza je svakog punoljetnog, razumnog i zdravog muslimana i muslimanke koji nisu na putu, uz jasno propisana izuze\u0107a za bolesne, putnike i druge osobe s opravdanim razlozima.<\/p>\n\n\n\n<p>Post traje od <strong>zore (sehur)<\/strong> do <strong>zalaska sunca (iftar)<\/strong>, a ramazan se ne do\u017eivljava samo kao fizi\u010dko uzdr\u017eavanje od hrane i pi\u0107a, ve\u0107 i kao vrijeme:<\/p>\n\n\n\n<ul class=\"wp-block-list\">\n<li>ja\u010danja duhovne discipline<\/li>\n\n\n\n<li>poja\u010danog ibadeta<\/li>\n\n\n\n<li>strpljenja i samokontrole<\/li>\n\n\n\n<li>solidarnosti i brige o drugima<\/li>\n<\/ul>\n\n\n\n<h2 class=\"wp-block-heading\">Ramazan kao mjesec duhovne obnove i solidarnosti<\/h2>\n\n\n\n<p>Tokom ramazana poseban naglasak stavlja se na popravljanje me\u0111uljudskih odnosa, \u010dinjenje dobrih djela i pomaganje onima kojima je pomo\u0107 potrebna. U tom kontekstu, ramazan se smatra mjesecom zajedni\u0161tva i me\u0111usobne podr\u0161ke unutar zajednice.<\/p>\n\n\n\n<p>Za ovaj mjesec vezana je i obaveza davanja <strong>sadekatul-fitra<\/strong>, koji se daje u skladu s materijalnim mogu\u0107nostima vjernika, za sebe i \u010dlanove porodice, s ciljem da svi vjernici dostojanstveno do\u010dekaju Bajram.<\/p>\n\n\n\n<h2 class=\"wp-block-heading\">Kada je Ramazanski bajram?<\/h2>\n\n\n\n<p>Prema Takvimu Islamske zajednice u BiH, <strong>prvi dan Ramazanskog bajrama je u petak, 20. marta 2026. godine<\/strong>.<\/p>\n\n\n\n<p>Do tada \u0107e vjernici kroz post, molitvu i dobra djela nastojati ispuniti su\u0161tinu ramazanskog vremena.<\/p>\n\n\n\n<h2 class=\"wp-block-heading\">Vjerski programi i ramazanska vaktija<\/h2>\n\n\n\n<p>Tokom ramazana, <strong>Rijaset Islamske zajednice u BiH<\/strong> i njene organizacione jedinice najavili su niz vjerskih programa i sadr\u017eaja, uklju\u010duju\u0107i obilje\u017eavanje zna\u010dajnih ramazanskih datuma.<\/p>\n\n\n\n<p>Za vjernike je dostupna i <strong>ramazanska vaktija<\/strong>, sa ta\u010dnim vremenima sehura i iftara za <strong>Sarajevo i ostale gradove u Bosni i Hercegovini<\/strong>, \u0161to dodatno olak\u0161ava svakodnevno prakticiranje posta.<\/p>\n","protected":false},"excerpt":{"rendered":"<p>Objavljeni klju\u010dni datumi prema Takvimu Islamske zajednice u BiH Sa zalaskom sunca u srijedu, 18. februara 2026. godine, muslimani u Bosni i Hercegovini i \u0161irom svijeta do\u010dekuju mjesec ramazan, period posta, ibadeta i duhovne obnove. Prema Takvimu Islamske zajednice u Bosni i Hercegovini, prvi dan posta je \u010detvrtak, 19. februar 2026. godine, dok ramazanski dani [&hellip;]<\/p>\n","protected":false},"author":1,"featured_media":4148,"comment_status":"open","ping_status":"open","sticky":false,"template":"","format":"standard","meta":{"footnotes":""},"categories":[17],"tags":[1031,1456,1459,1438,1460,1457,1458],"class_list":["post-4147","post","type-post","status-publish","format-standard","has-post-thumbnail","hentry","category-bih","tag-islamska-zajednica-bih","tag-pocetak-ramazana-februar","tag-prvi-dan-posta-2026","tag-ramazan-2026-bih","tag-ramazanska-vaktija-bih","tag-ramazanski-bajram-2026","tag-sehur-i-iftar-sarajevo"],"_links":{"self":[{"href":"https:\/\/bihplus.ba\/index.php\/wp-json\/wp\/v2\/posts\/4147","targetHints":{"allow":["GET"]}}],"collection":[{"href":"https:\/\/bihplus.ba\/index.php\/wp-json\/wp\/v2\/posts"}],"about":[{"href":"https:\/\/bihplus.ba\/index.php\/wp-json\/wp\/v2\/types\/post"}],"author":[{"embeddable":true,"href":"https:\/\/bihplus.ba\/index.php\/wp-json\/wp\/v2\/users\/1"}],"replies":[{"embeddable":true,"href":"https:\/\/bihplus.ba\/index.php\/wp-json\/wp\/v2\/comments?post=4147"}],"version-history":[{"count":1,"href":"https:\/\/bihplus.ba\/index.php\/wp-json\/wp\/v2\/posts\/4147\/revisions"}],"predecessor-version":[{"id":4149,"href":"https:\/\/bihplus.ba\/index.php\/wp-json\/wp\/v2\/posts\/4147\/revisions\/4149"}],"wp:featuredmedia":[{"embeddable":true,"href":"https:\/\/bihplus.ba\/index.php\/wp-json\/wp\/v2\/media\/4148"}],"wp:attachment":[{"href":"https:\/\/bihplus.ba\/index.php\/wp-json\/wp\/v2\/media?parent=4147"}],"wp:term":[{"taxonomy":"category","embeddable":true,"href":"https:\/\/bihplus.ba\/index.php\/wp-json\/wp\/v2\/categories?post=4147"},{"taxonomy":"post_tag","embeddable":true,"href":"https:\/\/bihplus.ba\/index.php\/wp-json\/wp\/v2\/tags?post=4147"}],"curies":[{"name":"wp","href":"https:\/\/api.w.org\/{rel}","templated":true}]}}