{"id":317,"date":"2025-11-06T11:24:51","date_gmt":"2025-11-06T11:24:51","guid":{"rendered":"https:\/\/bihplus.ba\/?p=317"},"modified":"2025-12-27T06:43:51","modified_gmt":"2025-12-27T06:43:51","slug":"skandal-u-nato-u-denis-becirovic-pao-na-ispitu-sporan-major-kojeg-je-imenovao","status":"publish","type":"post","link":"https:\/\/bihplus.ba\/index.php\/2025\/11\/06\/skandal-u-nato-u-denis-becirovic-pao-na-ispitu-sporan-major-kojeg-je-imenovao\/","title":{"rendered":"SKANDAL U NATO-u: Denis Be\u0107irovi\u0107 pao na ispitu, sporan major kojeg je imenovao"},"content":{"rendered":"\n<h2 class=\"wp-block-heading\">Skandal u NATO strukturama: Major iz BiH ostao bez dozvole za pristup tajnim podacima<\/h2>\n\n\n\n<p class=\"wp-block-paragraph\"><strong>\u0160tabni oficir Oru\u017eanih snaga Bosne i Hercegovine, major Memsudin Pamuk<\/strong>, koji je trenutno raspore\u0111en u <strong>NATO komandi SHAPE u Monsu (Belgija)<\/strong>, ostao je bez <strong>sigurnosnog certifikata za pristup tajnim podacima<\/strong>, prenose mediji iz Republike Srpske.<\/p>\n\n\n\n<p class=\"wp-block-paragraph\">Prema pisanju lista <em>Glas Srpske<\/em>, rije\u010d je o <strong>prvom slu\u010daju<\/strong> da pripadnik Oru\u017eanih snaga BiH izgubi NATO dozvolu dok je na aktivnoj du\u017enosti u me\u0111unarodnoj vojnoj strukturi.<\/p>\n\n\n\n<h3 class=\"wp-block-heading\">Nevalidna dokumentacija i sumnje u obrazovanje<\/h3>\n\n\n\n<p class=\"wp-block-paragraph\">Nezvani\u010dno, provjere su pokazale da <strong>Pamukovo obrazovanje nije u potpunosti validno<\/strong>, te da on <strong>nije zavr\u0161io srednju \u0161kolu<\/strong>, iako je do sada bio evidentiran kao osoba sa <strong>visokom stru\u010dnom spremom<\/strong>.<\/p>\n\n\n\n<p class=\"wp-block-paragraph\">Izvori navode da je major Pamuk u NATO poslan na prijedlog <strong>Ministarstva odbrane BiH<\/strong>, a da je <strong>imenovanje potpisao bo\u0161nja\u010dki \u010dlan Predsjedni\u0161tva BiH Denis Be\u0107irovi\u0107<\/strong>.<\/p>\n\n\n\n<h3 class=\"wp-block-heading\">Povezanost sa biv\u0161im Be\u0107irovi\u0107evim saradnikom<\/h3>\n\n\n\n<p class=\"wp-block-paragraph\">Prema tvrdnjama iz istog izvora, major Pamuk je <strong>u srodstvu sa Goranom Behmenom<\/strong>, biv\u0161im \u0161efom kabineta Denisa Be\u0107irovi\u0107a, \u0161to je, kako se isti\u010de, otvorilo pitanje <strong>transparentnosti i odgovornosti<\/strong> u procesu imenovanja vojnih predstavnika BiH u NATO strukture.<\/p>\n\n\n\n<h3 class=\"wp-block-heading\">Reakcije i potencijalne posljedice<\/h3>\n\n\n\n<p class=\"wp-block-paragraph\">Sagovornici upozoravaju da bi ovakav slu\u010daj mogao <strong>naru\u0161iti kredibilitet Bosne i Hercegovine pred NATO savezom<\/strong>, jer propust u sigurnosnim provjerama dovodi u pitanje <strong>pouzdanost kadrovske selekcije<\/strong> unutar Ministarstva odbrane i Oru\u017eanih snaga BiH.<\/p>\n\n\n\n<blockquote class=\"wp-block-quote is-layout-flow wp-block-quote-is-layout-flow\">\n<p class=\"wp-block-paragraph\">\u201cOvakvi slu\u010dajevi stvaraju sumnju u kvalitet sigurnosnih provjera i profesionalne standarde koje BiH mora po\u0161tovati u saradnji sa NATO-om\u201d, navodi izvor lista.<\/p>\n<\/blockquote>\n\n\n\n<p class=\"wp-block-paragraph\">Iz <strong>Ministarstva odbrane BiH<\/strong> do zaklju\u010denja teksta <strong>nije stigao zvani\u010dni odgovor<\/strong> na upite novinara u vezi s ovim slu\u010dajem.<\/p>\n","protected":false},"excerpt":{"rendered":"<p>Skandal u NATO strukturama: Major iz BiH ostao bez dozvole za pristup tajnim podacima \u0160tabni oficir Oru\u017eanih snaga Bosne i Hercegovine, major Memsudin Pamuk, koji je trenutno raspore\u0111en u NATO komandi SHAPE u Monsu (Belgija), ostao je bez sigurnosnog certifikata za pristup tajnim podacima, prenose mediji iz Republike Srpske. Prema pisanju lista Glas Srpske, rije\u010d [&hellip;]<\/p>\n","protected":false},"author":1,"featured_media":318,"comment_status":"open","ping_status":"open","sticky":false,"template":"","format":"standard","meta":{"footnotes":""},"categories":[18],"tags":[],"class_list":["post-317","post","type-post","status-publish","format-standard","has-post-thumbnail","hentry","category-politika"],"_links":{"self":[{"href":"https:\/\/bihplus.ba\/index.php\/wp-json\/wp\/v2\/posts\/317","targetHints":{"allow":["GET"]}}],"collection":[{"href":"https:\/\/bihplus.ba\/index.php\/wp-json\/wp\/v2\/posts"}],"about":[{"href":"https:\/\/bihplus.ba\/index.php\/wp-json\/wp\/v2\/types\/post"}],"author":[{"embeddable":true,"href":"https:\/\/bihplus.ba\/index.php\/wp-json\/wp\/v2\/users\/1"}],"replies":[{"embeddable":true,"href":"https:\/\/bihplus.ba\/index.php\/wp-json\/wp\/v2\/comments?post=317"}],"version-history":[{"count":2,"href":"https:\/\/bihplus.ba\/index.php\/wp-json\/wp\/v2\/posts\/317\/revisions"}],"predecessor-version":[{"id":1327,"href":"https:\/\/bihplus.ba\/index.php\/wp-json\/wp\/v2\/posts\/317\/revisions\/1327"}],"wp:featuredmedia":[{"embeddable":true,"href":"https:\/\/bihplus.ba\/index.php\/wp-json\/wp\/v2\/media\/318"}],"wp:attachment":[{"href":"https:\/\/bihplus.ba\/index.php\/wp-json\/wp\/v2\/media?parent=317"}],"wp:term":[{"taxonomy":"category","embeddable":true,"href":"https:\/\/bihplus.ba\/index.php\/wp-json\/wp\/v2\/categories?post=317"},{"taxonomy":"post_tag","embeddable":true,"href":"https:\/\/bihplus.ba\/index.php\/wp-json\/wp\/v2\/tags?post=317"}],"curies":[{"name":"wp","href":"https:\/\/api.w.org\/{rel}","templated":true}]}}