{"id":314,"date":"2025-11-06T11:22:21","date_gmt":"2025-11-06T11:22:21","guid":{"rendered":"https:\/\/bihplus.ba\/?p=314"},"modified":"2025-12-27T06:45:22","modified_gmt":"2025-12-27T06:45:22","slug":"avdic-otkriva-nove-sokantne-detalje-afere-poskok-laze-tuziteljica-aida-beslija-10-mjeseci-nije-uradila-nista-ima-poruka-u-kojima-munjic-i-drugi-spletkare-protiv","status":"publish","type":"post","link":"https:\/\/bihplus.ba\/index.php\/2025\/11\/06\/avdic-otkriva-nove-sokantne-detalje-afere-poskok-laze-tuziteljica-aida-beslija-10-mjeseci-nije-uradila-nista-ima-poruka-u-kojima-munjic-i-drugi-spletkare-protiv\/","title":{"rendered":"AVDI\u0106 OTKRIVA NOVE \u0160OKANTNE DETALJE AFERE: \u201cPOSKOK la\u017ee, tu\u017eiteljica Aida Be\u0161lija 10 mjeseci nije uradila ni\u0161ta. Ima poruka u kojima Munji\u0107 i drugi spletkare protiv\u2026!\u201d"},"content":{"rendered":"\n<h2 class=\"wp-block-heading\">Avdo Avdi\u0107: POSKOK nije poduzeo konkretne poteze u slu\u010daju prepiske federalnih zvani\u010dnika<\/h2>\n\n\n\n<p class=\"wp-block-paragraph\"><strong>Urednik portala Istraga.ba, Avdo Avdi\u0107<\/strong>, izjavio je da <strong>Posebni odjel za suzbijanje korupcije i organizovanog kriminala (POSKOK)<\/strong> jo\u0161 uvijek nije preduzeo konkretne radnje u vezi s istragom o porukama izme\u0111u <strong>premijera FBiH Nermina Nik\u0161i\u0107a<\/strong>, <strong>direktora FUP-a Vahidina Munji\u0107a<\/strong> i vi\u0161e drugih zvani\u010dnika.<\/p>\n\n\n\n<blockquote class=\"wp-block-quote is-layout-flow wp-block-quote-is-layout-flow\">\n<p class=\"wp-block-paragraph\">\u201cPOSKOK je saop\u0107io da provodi aktivnosti, ali prema mojim saznanjima \u2013 nijedna radnja nije poduzeta. Predmet je preuzet iz Tu\u017eila\u0161tva Kantona Sarajevo i ve\u0107 mjesecima stoji kod tu\u017eiteljice Aide Be\u0161lije bez evidentiranog postupanja\u201d, rekao je Avdi\u0107.<\/p>\n<\/blockquote>\n\n\n\n<h3 class=\"wp-block-heading\">Avdi\u0107: \u201cSaop\u0161tenje POSKOK-a nije ta\u010dno\u201d<\/h3>\n\n\n\n<p class=\"wp-block-paragraph\">Avdi\u0107 tvrdi da je javno saop\u0161tenje o navodnim aktivnostima <strong>neta\u010dno<\/strong>, te da se slu\u010daj ne istra\u017euje aktivno.<br>Dodao je i da <strong>ne\u0107e objaviti sve poruke<\/strong> kako bi za\u0161titio integritet osoba spomenutih u kontekstu <strong>mogu\u0107ih pritisaka i zapo\u0161ljavanja u institucijama<\/strong>.<\/p>\n\n\n\n<blockquote class=\"wp-block-quote is-layout-flow wp-block-quote-is-layout-flow\">\n<p class=\"wp-block-paragraph\">\u201cNisam tvrdio da su te usluge zaista realizovane, ali \u017eelim sa\u010duvati dostojanstvo \u017eena koje su se na\u0161le u porukama. Na njima je odluka ho\u0107e li davati iskaz\u201d, istakao je.<\/p>\n<\/blockquote>\n\n\n\n<h3 class=\"wp-block-heading\">Navodi o mre\u017ei uticaja i mogu\u0107im zloupotrebama<\/h3>\n\n\n\n<p class=\"wp-block-paragraph\">Urednik Istrage tvrdi da posjeduje dodatne poruke koje pokazuju <strong>uticaj pojedinaca na rad institucija i istrage<\/strong>.<br>Prema njegovim rije\u010dima, u komunikaciji se spominju i <strong>pritisci povezani s direktorima OSA-e Almirom D\u017euvom i Kemalom Ademovi\u0107em<\/strong>, kao i slu\u010dajevi <strong>u Unsko-sanskom kantonu<\/strong>.<\/p>\n\n\n\n<p class=\"wp-block-paragraph\">Avdi\u0107 navodi i primjer mogu\u0107eg <strong>favorizovanja i zloupotrebe polo\u017eaja<\/strong>:<\/p>\n\n\n\n<blockquote class=\"wp-block-quote is-layout-flow wp-block-quote-is-layout-flow\">\n<p class=\"wp-block-paragraph\">\u201cIz poruka se vidi da je Muhamed Ohranovi\u0107 intervenisao oko imenovanja svoje supruge. Nakon toga sti\u017ee poruka \u2018Premijer je nezadovoljan\u2019, uz instrukciju da se proces obustavi.\u201d<\/p>\n<\/blockquote>\n\n\n\n<p class=\"wp-block-paragraph\">Tako\u0111e tvrdi da postoje <strong>povjerljive poruke<\/strong> o predmetu \u201cAutoceste\u201d, prema kojima je <strong>direktor FUP-a<\/strong> dijelio plan rada s tre\u0107im stranama, mimo nadle\u017enih organa.<\/p>\n\n\n\n<h3 class=\"wp-block-heading\">Spominje se i ministar Ramo Isak<\/h3>\n\n\n\n<p class=\"wp-block-paragraph\">Prema Avdi\u0107u, <strong>federalni ministar unutra\u0161njih poslova Ramo Isak<\/strong> spominje se u kontekstu <strong>pritisaka na medije<\/strong> koji su objavljivali informacije o ovom slu\u010daju.<br>U komunikaciji se pojavljuje i <strong>Ervin Mu\u0161inovi\u0107<\/strong>, direktor Centra za edukaciju na Vracama, \u010dije poruke, kako ka\u017ee Avdi\u0107, jo\u0161 nisu u potpunosti objavljene.<\/p>\n\n\n\n<h3 class=\"wp-block-heading\">\u201cNeaktivnost POSKOK-a ugro\u017eava povjerenje javnosti\u201d<\/h3>\n\n\n\n<p class=\"wp-block-paragraph\">Avdi\u0107 upozorava da <strong>izostanak konkretnih koraka pravosu\u0111a<\/strong> mo\u017ee imati ozbiljne posljedice po vjerodostojnost institucija:<\/p>\n\n\n\n<blockquote class=\"wp-block-quote is-layout-flow wp-block-quote-is-layout-flow\">\n<p class=\"wp-block-paragraph\">\u201cAko POSKOK ne postupi po zakonu, vjerodostojnost njihovih budu\u0107ih aktivnosti bi\u0107e dovedena u pitanje\u201d, zaklju\u010dio je Avdi\u0107, dodaju\u0107i da se predmet nalazi u fioci ve\u0107 <strong>deset mjeseci bez rezultata<\/strong>.<\/p>\n<\/blockquote>\n","protected":false},"excerpt":{"rendered":"<p>Avdo Avdi\u0107: POSKOK nije poduzeo konkretne poteze u slu\u010daju prepiske federalnih zvani\u010dnika Urednik portala Istraga.ba, Avdo Avdi\u0107, izjavio je da Posebni odjel za suzbijanje korupcije i organizovanog kriminala (POSKOK) jo\u0161 uvijek nije preduzeo konkretne radnje u vezi s istragom o porukama izme\u0111u premijera FBiH Nermina Nik\u0161i\u0107a, direktora FUP-a Vahidina Munji\u0107a i vi\u0161e drugih zvani\u010dnika. \u201cPOSKOK [&hellip;]<\/p>\n","protected":false},"author":1,"featured_media":315,"comment_status":"open","ping_status":"open","sticky":false,"template":"","format":"standard","meta":{"footnotes":""},"categories":[18],"tags":[],"class_list":["post-314","post","type-post","status-publish","format-standard","has-post-thumbnail","hentry","category-politika"],"_links":{"self":[{"href":"https:\/\/bihplus.ba\/index.php\/wp-json\/wp\/v2\/posts\/314","targetHints":{"allow":["GET"]}}],"collection":[{"href":"https:\/\/bihplus.ba\/index.php\/wp-json\/wp\/v2\/posts"}],"about":[{"href":"https:\/\/bihplus.ba\/index.php\/wp-json\/wp\/v2\/types\/post"}],"author":[{"embeddable":true,"href":"https:\/\/bihplus.ba\/index.php\/wp-json\/wp\/v2\/users\/1"}],"replies":[{"embeddable":true,"href":"https:\/\/bihplus.ba\/index.php\/wp-json\/wp\/v2\/comments?post=314"}],"version-history":[{"count":2,"href":"https:\/\/bihplus.ba\/index.php\/wp-json\/wp\/v2\/posts\/314\/revisions"}],"predecessor-version":[{"id":1328,"href":"https:\/\/bihplus.ba\/index.php\/wp-json\/wp\/v2\/posts\/314\/revisions\/1328"}],"wp:featuredmedia":[{"embeddable":true,"href":"https:\/\/bihplus.ba\/index.php\/wp-json\/wp\/v2\/media\/315"}],"wp:attachment":[{"href":"https:\/\/bihplus.ba\/index.php\/wp-json\/wp\/v2\/media?parent=314"}],"wp:term":[{"taxonomy":"category","embeddable":true,"href":"https:\/\/bihplus.ba\/index.php\/wp-json\/wp\/v2\/categories?post=314"},{"taxonomy":"post_tag","embeddable":true,"href":"https:\/\/bihplus.ba\/index.php\/wp-json\/wp\/v2\/tags?post=314"}],"curies":[{"name":"wp","href":"https:\/\/api.w.org\/{rel}","templated":true}]}}