{"id":311,"date":"2025-11-06T11:20:38","date_gmt":"2025-11-06T11:20:38","guid":{"rendered":"https:\/\/bihplus.ba\/?p=311"},"modified":"2025-12-27T06:45:59","modified_gmt":"2025-12-27T06:45:59","slug":"ode-i-schmidt-dodik-i-covic-slave","status":"publish","type":"post","link":"https:\/\/bihplus.ba\/index.php\/2025\/11\/06\/ode-i-schmidt-dodik-i-covic-slave\/","title":{"rendered":"ODE I SCHMIDT: Dodik i \u010covi\u0107 slave"},"content":{"rendered":"\n<h2 class=\"wp-block-heading\">Christian Schmidt napu\u0161ta funkciju visokog predstavnika u BiH \u2013 svjetske diplomate reagovale<\/h2>\n\n\n\n<p class=\"wp-block-paragraph\"><strong>Visoki predstavnik u Bosni i Hercegovini, Christian Schmidt, zavr\u0161ava svoj mandat<\/strong>, potvr\u0111uju izvori bliski me\u0111unarodnim institucijama.<br>Prema informacijama portala <strong>Politicki.ba<\/strong>, <strong>njegova zamjena planirana je za prvu polovinu naredne godine<\/strong>, dok \u0107e <strong>Ured visokog predstavnika (OHR)<\/strong> i dalje ostati aktivan u zemlji.<\/p>\n\n\n\n<h3 class=\"wp-block-heading\">Promjena bez ukidanja OHR-a<\/h3>\n\n\n\n<p class=\"wp-block-paragraph\">Diplomatski izvori navode da Schmidtov odlazak ne zna\u010di ukidanje OHR-a, niti <strong>Bonskih ovlasti<\/strong>, ali bi one ubudu\u0107e bile kori\u0161tene <strong>samo u vanrednim okolnostima<\/strong>.<br>Plan uklju\u010duje izbor novog visokog predstavnika uz saglasnost <strong>Vije\u0107a sigurnosti Ujedinjenih nacija<\/strong>.<\/p>\n\n\n\n<h3 class=\"wp-block-heading\">Reakcije me\u0111unarodne zajednice<\/h3>\n\n\n\n<p class=\"wp-block-paragraph\">Njema\u010dka i Velika Britanija izrazile su <strong>zabrinutost zbog mogu\u0107eg slabljenja me\u0111unarodnog prisustva<\/strong> u BiH.<br>Kako se navodi, postoji strah da bi odlazak Schmidta mogao oslabiti autoritet institucije visokog predstavnika i dovesti do <strong>gubitka politi\u010dkog balansa<\/strong>.<\/p>\n\n\n\n<p class=\"wp-block-paragraph\">Posebno je osjetljivo pitanje <strong>dr\u017eavne imovine<\/strong>, koje su prethodni visoki predstavnici tretirali kao klju\u010dni element stabilnosti.<br>Federalne vlasti ve\u0107 su pokrenule inicijativu za <strong>ubla\u017eavanje zabrane raspolaganja imovinom<\/strong>, uz obrazlo\u017eenje da postoje\u0107e blokade ko\u010de ekonomski razvoj i investicije.<\/p>\n\n\n\n<h3 class=\"wp-block-heading\">Schmidtov mandat \u2013 izme\u0111u reformi i kontroverzi<\/h3>\n\n\n\n<p class=\"wp-block-paragraph\">Christian Schmidt preuzeo je du\u017enost 2022. godine, uz obe\u0107anje ja\u010danja <strong>vladavine prava<\/strong>.<br>Njegov mandat obilje\u017eile su <strong>kontroverzne odluke<\/strong>, me\u0111u kojima su izmjene <strong>Izbornog zakona i Ustava Federacije BiH<\/strong> na dan op\u0107ih izbora 2022. godine \u2013 potez koji je izazvao <strong>masovne proteste i kritike javnosti<\/strong>.<\/p>\n\n\n\n<p class=\"wp-block-paragraph\">Tokom prve godine mandata Schmidt je \u010dak <strong>osam puta koristio Bonske ovlasti<\/strong>, \u0161to je znatno vi\u0161e od ve\u0107ine njegovih prethodnika.<br>Njegovi nastupi \u010desto su izazivali burne reakcije me\u0111u politi\u010dkim liderima u zemlji.<\/p>\n\n\n\n<h3 class=\"wp-block-heading\">Slabljenje podr\u0161ke i promjena ameri\u010dkog pristupa<\/h3>\n\n\n\n<p class=\"wp-block-paragraph\">Analiti\u010dari isti\u010du da je <strong>Schmidt imao sna\u017enu podr\u0161ku ameri\u010dke administracije<\/strong>, ali se ton Washingtona promijenio nakon posljednjih kadrovskih izmjena.<br>Novo ameri\u010dko rukovodstvo usvojilo je <strong>umjereniji pristup prema Balkanu<\/strong>, a reakcije na Schmidtove odluke postale su <strong>primjetno suzdr\u017eanije<\/strong>.<\/p>\n\n\n\n<h3 class=\"wp-block-heading\">Budu\u0107nost OHR-a i izbor nasljednika<\/h3>\n\n\n\n<p class=\"wp-block-paragraph\">Funkcija <strong>visokog predstavnika<\/strong> ostaje aktivna, ali \u0107e <strong>na\u010din primjene Bonskih ovlasti<\/strong> biti dodatno definisan.<br>Proces izbora novog visokog predstavnika jo\u0161 nije zvani\u010dno zapo\u010det, a trenutno du\u017enost <strong>zamjenika visokog predstavnika i supervizora za Br\u010dko distrikt<\/strong> obavlja ameri\u010dki diplomata <strong>Louis J. Crishock<\/strong>.<\/p>\n","protected":false},"excerpt":{"rendered":"<p>Christian Schmidt napu\u0161ta funkciju visokog predstavnika u BiH \u2013 svjetske diplomate reagovale Visoki predstavnik u Bosni i Hercegovini, Christian Schmidt, zavr\u0161ava svoj mandat, potvr\u0111uju izvori bliski me\u0111unarodnim institucijama.Prema informacijama portala Politicki.ba, njegova zamjena planirana je za prvu polovinu naredne godine, dok \u0107e Ured visokog predstavnika (OHR) i dalje ostati aktivan u zemlji. Promjena bez ukidanja [&hellip;]<\/p>\n","protected":false},"author":1,"featured_media":312,"comment_status":"open","ping_status":"open","sticky":false,"template":"","format":"standard","meta":{"footnotes":""},"categories":[18],"tags":[],"class_list":["post-311","post","type-post","status-publish","format-standard","has-post-thumbnail","hentry","category-politika"],"_links":{"self":[{"href":"https:\/\/bihplus.ba\/index.php\/wp-json\/wp\/v2\/posts\/311","targetHints":{"allow":["GET"]}}],"collection":[{"href":"https:\/\/bihplus.ba\/index.php\/wp-json\/wp\/v2\/posts"}],"about":[{"href":"https:\/\/bihplus.ba\/index.php\/wp-json\/wp\/v2\/types\/post"}],"author":[{"embeddable":true,"href":"https:\/\/bihplus.ba\/index.php\/wp-json\/wp\/v2\/users\/1"}],"replies":[{"embeddable":true,"href":"https:\/\/bihplus.ba\/index.php\/wp-json\/wp\/v2\/comments?post=311"}],"version-history":[{"count":2,"href":"https:\/\/bihplus.ba\/index.php\/wp-json\/wp\/v2\/posts\/311\/revisions"}],"predecessor-version":[{"id":1329,"href":"https:\/\/bihplus.ba\/index.php\/wp-json\/wp\/v2\/posts\/311\/revisions\/1329"}],"wp:featuredmedia":[{"embeddable":true,"href":"https:\/\/bihplus.ba\/index.php\/wp-json\/wp\/v2\/media\/312"}],"wp:attachment":[{"href":"https:\/\/bihplus.ba\/index.php\/wp-json\/wp\/v2\/media?parent=311"}],"wp:term":[{"taxonomy":"category","embeddable":true,"href":"https:\/\/bihplus.ba\/index.php\/wp-json\/wp\/v2\/categories?post=311"},{"taxonomy":"post_tag","embeddable":true,"href":"https:\/\/bihplus.ba\/index.php\/wp-json\/wp\/v2\/tags?post=311"}],"curies":[{"name":"wp","href":"https:\/\/api.w.org\/{rel}","templated":true}]}}