{"id":10295,"date":"2026-09-02T03:45:44","date_gmt":"2026-09-02T03:45:44","guid":{"rendered":"https:\/\/bihplus.ba\/?p=10295"},"modified":"2026-09-02T03:45:48","modified_gmt":"2026-09-02T03:45:48","slug":"banja-luka-se-okupila-zbog-mladica-nosili-transparent-vjecno-pamti-svog-heroja","status":"publish","type":"post","link":"https:\/\/bihplus.ba\/index.php\/2026\/09\/02\/banja-luka-se-okupila-zbog-mladica-nosili-transparent-vjecno-pamti-svog-heroja\/","title":{"rendered":"Banja Luka se okupila zbog Mladi\u0107a: Nosili transparent \u201eVje\u010dno pamti svog heroja\u201c"},"content":{"rendered":"\n<p class=\"wp-block-paragraph\">Nekoliko hiljada gra\u0111ana okupilo se 1. septembra nave\u010der u centru Banje Luke na skupu pod nazivom \u201eOpro\u0161taj od generala\u201c, organiziranom povodom smrti Ratka Mladi\u0107a, biv\u0161eg komandanta Glavnog \u0161taba Vojske Republike Srpske pravosna\u017eno osu\u0111enog na do\u017eivotni zatvor za genocid u Srebrenici, zlo\u010dine protiv \u010dovje\u010dnosti i ratne zlo\u010dine.<\/p>\n\n\n\n<p class=\"wp-block-paragraph\">Okupljanje je po\u010delo na Trgu Krajine, nakon \u010dega je organizirana \u0161etnja do Centralnog spomen-obilje\u017eja poginulim borcima VRS-a. U\u010desnici su nosili zastave Republike Srpske i Vojske Republike Srpske, obilje\u017eja s Mladi\u0107evim likom te transparent s porukom \u201eBanja Luka vje\u010dno pamti svog heroja\u201c.<\/p>\n\n\n\n<h2 class=\"wp-block-heading\">Od Trga Krajine do Centralnog spomen-obilje\u017eja<\/h2>\n\n\n\n<p class=\"wp-block-paragraph\">Poziv na okupljanje najavljivao je po\u010detak skupa u 20 sati na Trgu Krajine i potom \u201epomen-\u0161etnju\u201c do Centralnog spomen-obilje\u017eja.<\/p>\n\n\n\n<p class=\"wp-block-paragraph\">U pozivu je Mladi\u0107 predstavljen kao osoba koja je \u201eu najte\u017ee i najbolnije vrijeme stala na \u010delo svog naroda\u201c, a gra\u0111ani su pozvani da mu odaju po\u010dast.<\/p>\n\n\n\n<p class=\"wp-block-paragraph\">Na kraju \u0161etnje otvorena je i knjiga \u017ealosti, dok su pojedini u\u010desnici i zvani\u010dnici javno izra\u017eavali zahvalnost Mladi\u0107u.<\/p>\n\n\n\n<h2 class=\"wp-block-heading\">Skup najavljen kroz vi\u0161e poziva<\/h2>\n\n\n\n<p class=\"wp-block-paragraph\">Prema dostupnim izvje\u0161tajima, na okupljanje je pozivala neformalna grupa gra\u0111ana Banje Luke, dok je poziv objavljen i putem Facebook stranice povezane s Vojskom Republike Srpske.<\/p>\n\n\n\n<p class=\"wp-block-paragraph\">Posebno su pozivani biv\u0161i pripadnici VRS-a i oni koji su tokom rata bili pod Mladi\u0107evom komandom.<\/p>\n\n\n\n<p class=\"wp-block-paragraph\">Zbog toga nije sasvim precizno skup pripisati samo jednom formalnom organizatoru bez dodatnih podataka o tome ko ga je zvani\u010dno prijavio nadle\u017enim institucijama.<\/p>\n\n\n\n<h2 class=\"wp-block-heading\">Ministar Ostoji\u0107 javno zahvaljivao Mladi\u0107u<\/h2>\n\n\n\n<p class=\"wp-block-paragraph\">Skupu je prisustvovao i ministar rada i bora\u010dko-invalidske za\u0161tite Republike Srpske Radan Ostoji\u0107.<\/p>\n\n\n\n<p class=\"wp-block-paragraph\">Prema izvje\u0161tajima lokalnih medija, Ostoji\u0107 je kazao da se okupljanjima, paljenjem svije\u0107a i odavanjem po\u010dasti izra\u017eava zahvalnost Mladi\u0107u za ono \u0161to je, prema njegovim rije\u010dima, u\u010dinio za srpski narod i Republiku Srpsku tokom rata.<\/p>\n\n\n\n<p class=\"wp-block-paragraph\">Takve izjave predstavljaju afirmativan odnos prema osobi pravosna\u017eno osu\u0111enoj za genocid, zlo\u010dine protiv \u010dovje\u010dnosti i ratne zlo\u010dine.<\/p>\n\n\n\n<h2 class=\"wp-block-heading\">Mladi\u0107 pravosna\u017eno osu\u0111en na do\u017eivotni zatvor<\/h2>\n\n\n\n<p class=\"wp-block-paragraph\">Ratko Mladi\u0107 bio je komandant Glavnog \u0161taba Vojske Republike Srpske tokom rata u Bosni i Hercegovini.<\/p>\n\n\n\n<p class=\"wp-block-paragraph\">Me\u0111unarodni krivi\u010dni tribunal za biv\u0161u Jugoslaviju osudio ga je 2017. na do\u017eivotni zatvor, a \u017ealbenom presudom iz 2021. ta kazna je pravosna\u017eno potvr\u0111ena.<\/p>\n\n\n\n<p class=\"wp-block-paragraph\">Osu\u0111en je za genocid u Srebrenici, progon, istrebljenje, ubistva, deportacije i prisilno premje\u0161tanje, terorisanje stanovni\u0161tva Sarajeva te uzimanje pripadnika UN-a za taoce.<\/p>\n\n\n\n<p class=\"wp-block-paragraph\">Mladi\u0107 je preminuo 27. augusta 2026. dok je slu\u017eio do\u017eivotnu kaznu.<\/p>\n\n\n\n<h2 class=\"wp-block-heading\">Javne poruke sa skupa otvaraju i pravno pitanje<\/h2>\n\n\n\n<p class=\"wp-block-paragraph\">\u010clan 145a Krivi\u010dnog zakona Bosne i Hercegovine sadr\u017ei odredbe koje se odnose na veli\u010danje osoba pravosna\u017eno osu\u0111enih za genocid, zlo\u010dine protiv \u010dovje\u010dnosti ili ratne zlo\u010dine.<\/p>\n\n\n\n<p class=\"wp-block-paragraph\">Zakon u stavu (6) posebno propisuje odgovornost za osobu koja takvom osu\u0111eniku daje priznanje ili privilegiju, imenuje javni objekt po njemu ili ga \u201ena bilo koji na\u010din veli\u010da\u201c.<\/p>\n\n\n\n<p class=\"wp-block-paragraph\">Me\u0111utim, nije na medijima da unaprijed utvr\u0111uju da je svaki u\u010desnik ovog skupa po\u010dinio krivi\u010dno djelo.<\/p>\n\n\n\n<p class=\"wp-block-paragraph\">Da li odre\u0111eni transparent, govor, simbol ili konkretno pona\u0161anje ispunjava zakonska obilje\u017eja krivi\u010dnog djela moraju procjenjivati Tu\u017eila\u0161tvo BiH i, eventualno, nadle\u017eni sud.<\/p>\n\n\n\n<h2 class=\"wp-block-heading\">Za sada nema javne potvrde o postupku zbog banjalu\u010dkog skupa<\/h2>\n\n\n\n<p class=\"wp-block-paragraph\">U dostupnim izvje\u0161tajima nakon skupa nije navedeno da su policijske institucije ili Tu\u017eila\u0161tvo BiH ve\u0107 otvorili konkretan predmet zbog doga\u0111aja na Trgu Krajine.<\/p>\n\n\n\n<p class=\"wp-block-paragraph\">To je posebno zna\u010dajno zbog toga \u0161to je Tu\u017eila\u0161tvo BiH prethodnih dana saop\u0107ilo da je zaprimilo nekoliko hiljada e-mailova gra\u0111ana s prijavama sadr\u017eaja za koje smatraju da predstavljaju veli\u010danje ratnih zlo\u010dinaca ili negiranje pravosna\u017eno utvr\u0111enih zlo\u010dina.<\/p>\n\n\n\n<p class=\"wp-block-paragraph\">Eventualno postupanje u vezi sa skupom u Banjoj Luci zavisit \u0107e od toga ho\u0107e li nadle\u017ene institucije dobiti prijave i kako \u0107e pravno ocijeniti konkretne poruke i postupke.<\/p>\n\n\n\n<h2 class=\"wp-block-heading\">Okupljanja odr\u017eavana i u drugim gradovima RS-a<\/h2>\n\n\n\n<p class=\"wp-block-paragraph\">Banja Luka nije jedino mjesto u Republici Srpskoj u kojem su nakon Mladi\u0107eve smrti organizirana okupljanja i pomeni.<\/p>\n\n\n\n<p class=\"wp-block-paragraph\">Sli\u010dni doga\u0111aji odr\u017eavani su prethodnih dana i u drugim sredinama, uz poruke kojima je Mladi\u0107 predstavljan kao general, komandant i heroj.<\/p>\n\n\n\n<p class=\"wp-block-paragraph\">Skup u Banjoj Luci ipak se izdvojio brojno\u0161\u0107u i \u010dinjenicom da je odr\u017ean u administrativnom centru Republike Srpske, uz prisustvo entitetskog ministra.<\/p>\n\n\n\n<h2 class=\"wp-block-heading\">Pravna \u010dinjenica ostaje nepromijenjena<\/h2>\n\n\n\n<p class=\"wp-block-paragraph\">Politi\u010dki i dru\u0161tveni odnos prema Ratku Mladi\u0107u u dijelu Republike Srpske o\u010digledno se razlikuje od pravnog zapisa koji je ostao iza njega.<\/p>\n\n\n\n<p class=\"wp-block-paragraph\">Pravosna\u017ena presuda me\u0111unarodnog suda nije pitanje politi\u010dke interpretacije: Mladi\u0107 je umro kao osoba osu\u0111ena na do\u017eivotni zatvor za genocid u Srebrenici, zlo\u010dine protiv \u010dovje\u010dnosti i ratne zlo\u010dine.<\/p>\n\n\n\n<p class=\"wp-block-paragraph\">Upravo zbog toga javno predstavljanje Mladi\u0107a kao \u201eheroja\u201c nastavlja izazivati ozbiljne politi\u010dke, dru\u0161tvene i pravne polemike u Bosni i Hercegovini.<\/p>\n","protected":false},"excerpt":{"rendered":"<p>Nekoliko hiljada gra\u0111ana okupilo se 1. septembra nave\u010der u centru Banje Luke na skupu pod nazivom \u201eOpro\u0161taj od generala\u201c, organiziranom povodom smrti Ratka Mladi\u0107a, biv\u0161eg komandanta Glavnog \u0161taba Vojske Republike Srpske pravosna\u017eno osu\u0111enog na do\u017eivotni zatvor za genocid u Srebrenici, zlo\u010dine protiv \u010dovje\u010dnosti i ratne zlo\u010dine. Okupljanje je po\u010delo na Trgu Krajine, nakon \u010dega je [&hellip;]<\/p>\n","protected":false},"author":1,"featured_media":10296,"comment_status":"open","ping_status":"open","sticky":false,"template":"","format":"standard","meta":{"footnotes":""},"categories":[17],"tags":[3506,3504,3503,3505,3507],"class_list":["post-10295","post","type-post","status-publish","format-standard","has-post-thumbnail","hentry","category-bih","tag-banja-luka-mladic-2026","tag-oprostaj-od-generala-banja-luka","tag-ratko-mladic-banja-luka-skup","tag-ratko-mladic-velicanje","tag-trg-krajine-ratko-mladic"],"_links":{"self":[{"href":"https:\/\/bihplus.ba\/index.php\/wp-json\/wp\/v2\/posts\/10295","targetHints":{"allow":["GET"]}}],"collection":[{"href":"https:\/\/bihplus.ba\/index.php\/wp-json\/wp\/v2\/posts"}],"about":[{"href":"https:\/\/bihplus.ba\/index.php\/wp-json\/wp\/v2\/types\/post"}],"author":[{"embeddable":true,"href":"https:\/\/bihplus.ba\/index.php\/wp-json\/wp\/v2\/users\/1"}],"replies":[{"embeddable":true,"href":"https:\/\/bihplus.ba\/index.php\/wp-json\/wp\/v2\/comments?post=10295"}],"version-history":[{"count":1,"href":"https:\/\/bihplus.ba\/index.php\/wp-json\/wp\/v2\/posts\/10295\/revisions"}],"predecessor-version":[{"id":10297,"href":"https:\/\/bihplus.ba\/index.php\/wp-json\/wp\/v2\/posts\/10295\/revisions\/10297"}],"wp:featuredmedia":[{"embeddable":true,"href":"https:\/\/bihplus.ba\/index.php\/wp-json\/wp\/v2\/media\/10296"}],"wp:attachment":[{"href":"https:\/\/bihplus.ba\/index.php\/wp-json\/wp\/v2\/media?parent=10295"}],"wp:term":[{"taxonomy":"category","embeddable":true,"href":"https:\/\/bihplus.ba\/index.php\/wp-json\/wp\/v2\/categories?post=10295"},{"taxonomy":"post_tag","embeddable":true,"href":"https:\/\/bihplus.ba\/index.php\/wp-json\/wp\/v2\/tags?post=10295"}],"curies":[{"name":"wp","href":"https:\/\/api.w.org\/{rel}","templated":true}]}}