{"id":10286,"date":"2026-09-01T03:58:17","date_gmt":"2026-09-01T03:58:17","guid":{"rendered":"https:\/\/bihplus.ba\/?p=10286"},"modified":"2026-09-01T03:58:20","modified_gmt":"2026-09-01T03:58:20","slug":"crnadak-nakon-smrti-mladica-prozvao-sarajevo-zbog-dvostrukih-arsina-pa-napao-snsd-zbog-lazica-i-petkovica","status":"publish","type":"post","link":"https:\/\/bihplus.ba\/index.php\/2026\/09\/01\/crnadak-nakon-smrti-mladica-prozvao-sarajevo-zbog-dvostrukih-arsina-pa-napao-snsd-zbog-lazica-i-petkovica\/","title":{"rendered":"Crnadak nakon smrti Mladi\u0107a: Prozvao Sarajevo zbog \u201edvostrukih ar\u0161ina\u201c, pa napao SNSD zbog Lazi\u0107a i Petkovi\u0107a"},"content":{"rendered":"\n<p class=\"wp-block-paragraph\">Poslanik u Narodnoj skup\u0161tini Republike Srpske Igor Crnadak ponovo se osvrnuo na politi\u010dke i dru\u0161tvene reakcije nakon smrti Ratka Mladi\u0107a, pravosna\u017eno osu\u0111enog za genocid u Srebrenici, zlo\u010dine protiv \u010dovje\u010dnosti i ratne zlo\u010dine.<\/p>\n\n\n\n<p class=\"wp-block-paragraph\">Crnadak tvrdi da su doga\u0111aji proteklih dana pokazali koliko su nacionalne podjele i dalje sna\u017ene, a istovremeno je kritikovao i politi\u010dke strukture u Sarajevu i vlast SNSD-a u Republici Srpskoj.<\/p>\n\n\n\n<h2 class=\"wp-block-heading\">Crnadak: Iz Sarajeva se \u0161alje poruka da srpske \u017ertve manje vrijede<\/h2>\n\n\n\n<p class=\"wp-block-paragraph\">Crnadak je ustvrdio da dio politi\u010dke i medijske javnosti iz Sarajeva primjenjuje razli\u010dite kriterije prema srpskim i bo\u0161nja\u010dkim \u017ertvama i osu\u0111enim ratnim zlo\u010dincima.<\/p>\n\n\n\n<p class=\"wp-block-paragraph\">Prema njegovoj ocjeni, nakon Mladi\u0107eve smrti ponovo je postalo vidljivo da se ratne presude i \u017ertve posmatraju kroz nacionalnu pripadnost.<\/p>\n\n\n\n<p class=\"wp-block-paragraph\">Takva tvrdnja predstavlja Crnatkov politi\u010dki stav. Nije mogu\u0107e iz pojedina\u010dnih reakcija izvesti zaklju\u010dak da \u201eSarajevo\u201c kao cjelina smatra da su srpske \u017ertve manje vrijedne.<\/p>\n\n\n\n<h2 class=\"wp-block-heading\">Spomenuo osu\u0111ene generale i dr\u017eavne po\u010dasti<\/h2>\n\n\n\n<p class=\"wp-block-paragraph\">Crnadak je posebno problematizirao slu\u010dajeve pravosna\u017eno osu\u0111enih pripadnika Armije RBiH, tvrde\u0107i da se prema njima u dijelu bo\u0161nja\u010dke javnosti primjenjuju bla\u017ei kriteriji.<\/p>\n\n\n\n<p class=\"wp-block-paragraph\">Njegova poruka je da sudske presude i standardi moraju vrijediti jednako za sve bez obzira na nacionalnost.<\/p>\n\n\n\n<p class=\"wp-block-paragraph\">To jeste legitiman princip jednakosti pred zakonom, ali pravni statusi pojedinih ratnih predmeta razlikuju se po obimu zlo\u010dina, obliku odgovornosti i visini izre\u010denih kazni, pa se oni ne mogu automatski izjedna\u010davati.<\/p>\n\n\n\n<h2 class=\"wp-block-heading\">Zatim napao SNSD zbog \u201epatriotizma po potrebi\u201c<\/h2>\n\n\n\n<p class=\"wp-block-paragraph\">Crnadak se potom okrenuo vlastima Republike Srpske, koje je optu\u017eio za nedosljednost.<\/p>\n\n\n\n<p class=\"wp-block-paragraph\">Nazvao je njihov pristup \u201epatriotizmom po potrebi\u201c, tvrde\u0107i da vlast pokazuje odlu\u010dnost samo prema ljudima koji imaju manje politi\u010dke ili finansijske mo\u0107i.<\/p>\n\n\n\n<p class=\"wp-block-paragraph\">Kao glavni primjer naveo je slu\u010daj ko\u0161arka\u0161kog reprezentativca Aleksandra Lazi\u0107a i pomo\u0107nog trenera Zorana Petkovi\u0107a.<\/p>\n\n\n\n<h2 class=\"wp-block-heading\">\u0160ta je potvr\u0111eno u slu\u010daju Lazi\u0107a i Petkovi\u0107a<\/h2>\n\n\n\n<p class=\"wp-block-paragraph\">Ko\u0161arka\u0161ki savez Bosne i Hercegovine potvrdio je da su Lazi\u0107 i Petkovi\u0107 napustili reprezentaciju neposredno pred put u Litvaniju nakon \u0161to su dobili poziv iz svog kluba Igokee.<\/p>\n\n\n\n<p class=\"wp-block-paragraph\">Pojedini mediji objavili su da je odluka do\u0161la nakon direktnog pritiska Milorada Dodika te da je dvojcu navodno zaprije\u0107eno gubitkom anga\u017emana u Igokei ako ne napuste reprezentaciju.<\/p>\n\n\n\n<p class=\"wp-block-paragraph\">Me\u0111utim, to nije slu\u017ebeno potvr\u0111eno od Igokee, Lazi\u0107a, Petkovi\u0107a ili Ko\u0161arka\u0161kog saveza BiH.<\/p>\n\n\n\n<p class=\"wp-block-paragraph\">Zato Crnatkovu tvrdnju da je \u201eDodik naredio\u201c njihov odlazak treba predstavljati kao njegovu tvrdnju zasnovanu na medijskim navodima, a ne kao ve\u0107 utvr\u0111enu \u010dinjenicu.<\/p>\n\n\n\n<h2 class=\"wp-block-heading\">Crnadak prozvao i Vicu Zeljkovi\u0107a<\/h2>\n\n\n\n<p class=\"wp-block-paragraph\">Crnadak je podsjetio da je ranije pozvao Dodika da zatra\u017ei ostavku predsjednika Nogometnog\/Fudbalskog saveza BiH Vice Zeljkovi\u0107a.<\/p>\n\n\n\n<p class=\"wp-block-paragraph\">Tvrdi da Dodik na taj zahtjev nije reagovao jer je Zeljkovi\u0107eva funkcija politi\u010dki i finansijski znatno zna\u010dajnija od pozicija Lazi\u0107a i Petkovi\u0107a.<\/p>\n\n\n\n<p class=\"wp-block-paragraph\">Crnadak to koristi kao argument da SNSD pokazuje politi\u010dku odlu\u010dnost samo kada za nju nema ozbiljniju cijenu.<\/p>\n\n\n\n<p class=\"wp-block-paragraph\">I to predstavlja njegovu politi\u010dku interpretaciju motiva SNSD-a.<\/p>\n\n\n\n<h2 class=\"wp-block-heading\">Podsjetio na odavanje po\u010dasti Charlieju Kirku<\/h2>\n\n\n\n<p class=\"wp-block-paragraph\">Crnadak je zatim povukao pore\u0111enje s doga\u0111ajem iz septembra 2025, kada su gra\u0111ani i predstavnici vlasti Republike Srpske ispred Palate Republike u Banjoj Luci palili svije\u0107e za ubijenog ameri\u010dkog konzervativnog aktivistu Charlieja Kirka.<\/p>\n\n\n\n<p class=\"wp-block-paragraph\">Tom prilikom bile su postavljene Kirkova fotografija te ameri\u010dka i srpska zastava, a me\u0111u prisutnima su bili brojni funkcioneri SNSD-a i institucija Republike Srpske.<\/p>\n\n\n\n<p class=\"wp-block-paragraph\">Dodik je tada Kirka opisao kao prijatelja srpskog naroda, a nekoliko dana kasnije i li\u010dno zapalio svije\u0107u u njegovu \u010dast.<\/p>\n\n\n\n<h2 class=\"wp-block-heading\">\u201eZa Kirka svije\u0107e pred Palatom, za Mladi\u0107a nema\u201c<\/h2>\n\n\n\n<p class=\"wp-block-paragraph\">Crnadak sada pita za\u0161to sli\u010dna organizirana scena nije uprili\u010dena ispred Palate Republike nakon smrti Ratka Mladi\u0107a.<\/p>\n\n\n\n<p class=\"wp-block-paragraph\">Prema njegovoj interpretaciji, ta razlika pokazuje politi\u010dku kalkulaciju SNSD-a i \u017eelju da se ne ugroze odnosi sa Sjedinjenim Ameri\u010dkim Dr\u017eavama i me\u0111unarodnim institucijama.<\/p>\n\n\n\n<p class=\"wp-block-paragraph\">To je politi\u010dki zaklju\u010dak Crnatka, a sama razlika izme\u0111u dva doga\u0111aja ne dokazuje motiv vlasti.<\/p>\n\n\n\n<h2 class=\"wp-block-heading\">Mladi\u0107ev pravni status ostaje nesporan<\/h2>\n\n\n\n<p class=\"wp-block-paragraph\">Ratko Mladi\u0107 je umro kao pravosna\u017eno osu\u0111enik na do\u017eivotni zatvor.<\/p>\n\n\n\n<p class=\"wp-block-paragraph\">Me\u0111unarodni sudovi pravosna\u017eno su ga osudili za genocid u Srebrenici, zlo\u010dine protiv \u010dovje\u010dnosti i ratne zlo\u010dine.<\/p>\n\n\n\n<p class=\"wp-block-paragraph\">Zbog toga javno afirmativno predstavljanje Mladi\u0107a nakon smrti nije samo pitanje politi\u010dkog sje\u0107anja nego i tema koja izaziva pravne, dru\u0161tvene i moralne polemike.<\/p>\n\n\n\n<h2 class=\"wp-block-heading\">Crnadak poku\u0161ava zauzeti poziciju izme\u0111u Sarajeva i SNSD-a<\/h2>\n\n\n\n<p class=\"wp-block-paragraph\">Su\u0161tina njegove objave jeste poku\u0161aj da istovremeno kritikuje dva politi\u010dka bloka.<\/p>\n\n\n\n<p class=\"wp-block-paragraph\">Sarajevskoj javnosti zamjera ono \u0161to vidi kao selektivno sje\u0107anje na ratne zlo\u010dine, dok SNSD optu\u017euje da ratnu simboliku koristi zavisno od politi\u010dkog interesa.<\/p>\n\n\n\n<p class=\"wp-block-paragraph\">Na kraju je poru\u010dio da Republici Srpskoj treba vlast koja \u0107e patriotizam dokazivati ja\u010danjem institucija, ekonomije i \u017eivotnog standarda, a ne samo simboli\u010dkim politi\u010dkim potezima.<\/p>\n","protected":false},"excerpt":{"rendered":"<p>Poslanik u Narodnoj skup\u0161tini Republike Srpske Igor Crnadak ponovo se osvrnuo na politi\u010dke i dru\u0161tvene reakcije nakon smrti Ratka Mladi\u0107a, pravosna\u017eno osu\u0111enog za genocid u Srebrenici, zlo\u010dine protiv \u010dovje\u010dnosti i ratne zlo\u010dine. Crnadak tvrdi da su doga\u0111aji proteklih dana pokazali koliko su nacionalne podjele i dalje sna\u017ene, a istovremeno je kritikovao i politi\u010dke strukture u [&hellip;]<\/p>\n","protected":false},"author":1,"featured_media":10287,"comment_status":"open","ping_status":"open","sticky":false,"template":"","format":"standard","meta":{"footnotes":""},"categories":[17],"tags":[3493,3494,3491,3490,3492],"class_list":["post-10286","post","type-post","status-publish","format-standard","has-post-thumbnail","hentry","category-bih","tag-aleksandar-lazic-igokea","tag-crnadak-charlie-kirk","tag-crnadak-milorad-dodik","tag-igor-crnadak-ratko-mladic","tag-zoran-petkovic-reprezentacija-bih"],"_links":{"self":[{"href":"https:\/\/bihplus.ba\/index.php\/wp-json\/wp\/v2\/posts\/10286","targetHints":{"allow":["GET"]}}],"collection":[{"href":"https:\/\/bihplus.ba\/index.php\/wp-json\/wp\/v2\/posts"}],"about":[{"href":"https:\/\/bihplus.ba\/index.php\/wp-json\/wp\/v2\/types\/post"}],"author":[{"embeddable":true,"href":"https:\/\/bihplus.ba\/index.php\/wp-json\/wp\/v2\/users\/1"}],"replies":[{"embeddable":true,"href":"https:\/\/bihplus.ba\/index.php\/wp-json\/wp\/v2\/comments?post=10286"}],"version-history":[{"count":1,"href":"https:\/\/bihplus.ba\/index.php\/wp-json\/wp\/v2\/posts\/10286\/revisions"}],"predecessor-version":[{"id":10288,"href":"https:\/\/bihplus.ba\/index.php\/wp-json\/wp\/v2\/posts\/10286\/revisions\/10288"}],"wp:featuredmedia":[{"embeddable":true,"href":"https:\/\/bihplus.ba\/index.php\/wp-json\/wp\/v2\/media\/10287"}],"wp:attachment":[{"href":"https:\/\/bihplus.ba\/index.php\/wp-json\/wp\/v2\/media?parent=10286"}],"wp:term":[{"taxonomy":"category","embeddable":true,"href":"https:\/\/bihplus.ba\/index.php\/wp-json\/wp\/v2\/categories?post=10286"},{"taxonomy":"post_tag","embeddable":true,"href":"https:\/\/bihplus.ba\/index.php\/wp-json\/wp\/v2\/tags?post=10286"}],"curies":[{"name":"wp","href":"https:\/\/api.w.org\/{rel}","templated":true}]}}