{"id":10274,"date":"2026-08-31T17:52:43","date_gmt":"2026-08-31T17:52:43","guid":{"rendered":"https:\/\/bihplus.ba\/?p=10274"},"modified":"2026-08-31T17:52:56","modified_gmt":"2026-08-31T17:52:56","slug":"plenkovic-upozorio-srbiju-sahrana-mladica-mogla-bi-imati-politicku-cijenu","status":"publish","type":"post","link":"https:\/\/bihplus.ba\/index.php\/2026\/08\/31\/plenkovic-upozorio-srbiju-sahrana-mladica-mogla-bi-imati-politicku-cijenu\/","title":{"rendered":"Plenkovi\u0107 upozorio Srbiju: Sahrana Mladi\u0107a mogla bi imati politi\u010dku cijenu"},"content":{"rendered":"\n<p class=\"wp-block-paragraph\">Hrvatski premijer Andrej Plenkovi\u0107 upozorio je da bi organiziranje sahrane Ratka Mladi\u0107a uz najvi\u0161e dr\u017eavne i vojne po\u010dasti predstavljalo ozbiljan politi\u010dki problem za evropski put Srbije.<\/p>\n\n\n\n<p class=\"wp-block-paragraph\">Komentiraju\u0107i najave iz Beograda, Plenkovi\u0107 je poru\u010dio da bi takav odnos prema pravosna\u017eno osu\u0111enom ratnom zlo\u010dincu bio nespojiv s vrijednostima Evropske unije.<\/p>\n\n\n\n<p class=\"wp-block-paragraph\">\u201eTo je kao da sami sebi zatvaraju vrata Evropske unije\u201c, rekao je Plenkovi\u0107 na marginama Bledskog strate\u0161kog foruma.<\/p>\n\n\n\n<h2 class=\"wp-block-heading\">Najavljene najvi\u0161e dr\u017eavne po\u010dasti<\/h2>\n\n\n\n<p class=\"wp-block-paragraph\">Polemiku je izazvala izjava srbijanskog ministra pravosu\u0111a Nenada Vuji\u0107a da bi Ratko Mladi\u0107 trebao biti sahranjen uz najvi\u0161e dr\u017eavne po\u010dasti.<\/p>\n\n\n\n<p class=\"wp-block-paragraph\">Plenkovi\u0107 je naglasio da je razumio da kona\u010dna odluka jo\u0161 nije donesena, ali je samu mogu\u0107nost takvog ispra\u0107aja sna\u017eno kritikovao.<\/p>\n\n\n\n<p class=\"wp-block-paragraph\">Prema njegovom stavu, Srbija bi time poslala poruku da se nije dovoljno jasno distancirala od ratne politike i zlo\u010dina iz devedesetih.<\/p>\n\n\n\n<h2 class=\"wp-block-heading\">Plenkovi\u0107 podsjetio na Mladi\u0107evu ulogu u Kninu<\/h2>\n\n\n\n<p class=\"wp-block-paragraph\">Hrvatski premijer podsjetio je da je Mladi\u0107 prije rata u Bosni i Hercegovini bio komandant JNA u Kninu te ga je povezao sa zlo\u010dinima po\u010dinjenim u \u0160kabrnji i drugim dijelovima Hrvatske.<\/p>\n\n\n\n<p class=\"wp-block-paragraph\">Historijski je utvr\u0111eno da je Mladi\u0107 tokom 1991. bio komandant 9. korpusa JNA sa sjedi\u0161tem u Kninu.<\/p>\n\n\n\n<p class=\"wp-block-paragraph\">U dokazima izvo\u0111enim pred Ha\u0161kim tribunalom u drugim predmetima navodi se da su u napadu na \u0160kabrnju 18. novembra 1991. u\u010destvovale snage JNA i lokalne srpske formacije pod komandom struktura Kninskog korpusa. U jednom od predmeta citirane su i Mladi\u0107eve bilje\u0161ke prema kojima je Komanda korpusa naredila napad na \u0160kabrnju i Nadin.<\/p>\n\n\n\n<h2 class=\"wp-block-heading\">Ali Mladi\u0107eva do\u017eivotna presuda nije bila za zlo\u010dine u Hrvatskoj<\/h2>\n\n\n\n<p class=\"wp-block-paragraph\">Ovdje je va\u017ena pravna razlika.<\/p>\n\n\n\n<p class=\"wp-block-paragraph\">Ratko Mladi\u0107 je pravosna\u017eno osu\u0111en na do\u017eivotni zatvor za zlo\u010dine po\u010dinjene tokom rata u Bosni i Hercegovini, uklju\u010duju\u0107i genocid u Srebrenici, progon, ubistva, deportacije, terorisanje stanovni\u0161tva Sarajeva i uzimanje pripadnika UN-a za taoce.<\/p>\n\n\n\n<p class=\"wp-block-paragraph\">Njegova kona\u010dna presuda <strong>nije obuhvatala \u0160kabrnju niti druge zlo\u010dine u Hrvatskoj<\/strong>.<\/p>\n\n\n\n<p class=\"wp-block-paragraph\">Zbog toga Plenkovi\u0107evu tvrdnju o Mladi\u0107evoj odgovornosti za \u0160kabrnju treba predstavljati kao njegovu politi\u010dku i historijsku ocjenu zasnovanu na Mladi\u0107evoj tada\u0161njoj komandnoj ulozi, a ne kao dio pravosna\u017ene presude kojom je osu\u0111en na do\u017eivotni zatvor.<\/p>\n\n\n\n<h2 class=\"wp-block-heading\">Marta Kos: Veli\u010danju ratnih zlo\u010dinaca nema mjesta u EU<\/h2>\n\n\n\n<p class=\"wp-block-paragraph\">Na Bledskom strate\u0161kom forumu o istoj temi govorila je i evropska komesarka za pro\u0161irenje Marta Kos.<\/p>\n\n\n\n<p class=\"wp-block-paragraph\">Poru\u010dila je da je veli\u010danje ratnih zlo\u010dinaca suprotno temeljnim evropskim vrijednostima te da za takvu praksu nema mjesta ni u Evropskoj uniji ni u dr\u017eavama koje \u017eele postati njene \u010dlanice.<\/p>\n\n\n\n<p class=\"wp-block-paragraph\">Njena izjava dodatno daje te\u017einu Plenkovi\u0107evom upozorenju, iako eventualni utjecaj sahrane na proces pristupanja Srbije EU ne zavisi od odluke jednog hrvatskog premijera nego od \u0161ireg procesa odlu\u010divanja unutar Unije.<\/p>\n\n\n\n<h2 class=\"wp-block-heading\">Srbija pred osjetljivom politi\u010dkom odlukom<\/h2>\n\n\n\n<p class=\"wp-block-paragraph\">Srbija je kandidat za \u010dlanstvo u Evropskoj uniji, a odnos prema ratnim zlo\u010dinima, regionalnoj saradnji i pomirenju ve\u0107 godinama je dio politi\u010dkog konteksta procesa pro\u0161irenja.<\/p>\n\n\n\n<p class=\"wp-block-paragraph\">Plenkovi\u0107 smatra da bi dr\u017eavne i vojne po\u010dasti Mladi\u0107u bile direktno suprotne porukama koje zemlja kandidat treba slati svojim susjedima i evropskim partnerima.<\/p>\n\n\n\n<p class=\"wp-block-paragraph\">To je politi\u010dka procjena hrvatskog premijera, ali \u010dinjenica da je i evropska komesarka za pro\u0161irenje javno upozorila na neprihvatljivost veli\u010danja ratnih zlo\u010dinaca pokazuje da pitanje nije ostalo samo bilateralni spor Zagreba i Beograda.<\/p>\n\n\n\n<h2 class=\"wp-block-heading\">Mladi\u0107 umro slu\u017ee\u0107i do\u017eivotnu kaznu<\/h2>\n\n\n\n<p class=\"wp-block-paragraph\">Ratko Mladi\u0107 preminuo je 27. augusta 2026. u pritvoru Ujedinjenih nacija.<\/p>\n\n\n\n<p class=\"wp-block-paragraph\">Pravosna\u017eno je osu\u0111en za genocid u Srebrenici te zlo\u010dine protiv \u010dovje\u010dnosti i ratne zlo\u010dine po\u010dinjene u Bosni i Hercegovini.<\/p>\n\n\n\n<p class=\"wp-block-paragraph\">Rasprava o na\u010dinu njegove sahrane zato je prerasla iz porodi\u010dnog pitanja u regionalnu i evropsku politi\u010dku temu, posebno zbog mogu\u0107nosti da u njoj slu\u017ebeno u\u010destvuju institucije Srbije.<\/p>\n","protected":false},"excerpt":{"rendered":"<p>Hrvatski premijer Andrej Plenkovi\u0107 upozorio je da bi organiziranje sahrane Ratka Mladi\u0107a uz najvi\u0161e dr\u017eavne i vojne po\u010dasti predstavljalo ozbiljan politi\u010dki problem za evropski put Srbije. Komentiraju\u0107i najave iz Beograda, Plenkovi\u0107 je poru\u010dio da bi takav odnos prema pravosna\u017eno osu\u0111enom ratnom zlo\u010dincu bio nespojiv s vrijednostima Evropske unije. \u201eTo je kao da sami sebi zatvaraju [&hellip;]<\/p>\n","protected":false},"author":1,"featured_media":10275,"comment_status":"open","ping_status":"open","sticky":false,"template":"","format":"standard","meta":{"footnotes":""},"categories":[20],"tags":[3472,3471,3475,3473],"class_list":["post-10274","post","type-post","status-publish","format-standard","has-post-thumbnail","hentry","category-region","tag-andrej-plenkovic-ratko-mladic","tag-drzavne-pocasti-mladicu","tag-sahrana-ratka-mladica-srbija","tag-srbija-eu-ratko-mladic"],"_links":{"self":[{"href":"https:\/\/bihplus.ba\/index.php\/wp-json\/wp\/v2\/posts\/10274","targetHints":{"allow":["GET"]}}],"collection":[{"href":"https:\/\/bihplus.ba\/index.php\/wp-json\/wp\/v2\/posts"}],"about":[{"href":"https:\/\/bihplus.ba\/index.php\/wp-json\/wp\/v2\/types\/post"}],"author":[{"embeddable":true,"href":"https:\/\/bihplus.ba\/index.php\/wp-json\/wp\/v2\/users\/1"}],"replies":[{"embeddable":true,"href":"https:\/\/bihplus.ba\/index.php\/wp-json\/wp\/v2\/comments?post=10274"}],"version-history":[{"count":1,"href":"https:\/\/bihplus.ba\/index.php\/wp-json\/wp\/v2\/posts\/10274\/revisions"}],"predecessor-version":[{"id":10276,"href":"https:\/\/bihplus.ba\/index.php\/wp-json\/wp\/v2\/posts\/10274\/revisions\/10276"}],"wp:featuredmedia":[{"embeddable":true,"href":"https:\/\/bihplus.ba\/index.php\/wp-json\/wp\/v2\/media\/10275"}],"wp:attachment":[{"href":"https:\/\/bihplus.ba\/index.php\/wp-json\/wp\/v2\/media?parent=10274"}],"wp:term":[{"taxonomy":"category","embeddable":true,"href":"https:\/\/bihplus.ba\/index.php\/wp-json\/wp\/v2\/categories?post=10274"},{"taxonomy":"post_tag","embeddable":true,"href":"https:\/\/bihplus.ba\/index.php\/wp-json\/wp\/v2\/tags?post=10274"}],"curies":[{"name":"wp","href":"https:\/\/api.w.org\/{rel}","templated":true}]}}