{"id":10265,"date":"2026-08-30T10:42:07","date_gmt":"2026-08-30T10:42:07","guid":{"rendered":"https:\/\/bihplus.ba\/?p=10265"},"modified":"2026-08-30T10:42:11","modified_gmt":"2026-08-30T10:42:11","slug":"vukanovic-uzvratio-nakon-kritika-zbog-mladica-prozvao-medije-pa-otvorio-pitanja-mahmuljina-i-dudakovica","status":"publish","type":"post","link":"https:\/\/bihplus.ba\/index.php\/2026\/08\/30\/vukanovic-uzvratio-nakon-kritika-zbog-mladica-prozvao-medije-pa-otvorio-pitanja-mahmuljina-i-dudakovica\/","title":{"rendered":"Vukanovi\u0107 uzvratio nakon kritika zbog Mladi\u0107a: Prozvao medije, pa otvorio pitanja Mahmuljina i Dudakovi\u0107a"},"content":{"rendered":"\n<p class=\"wp-block-paragraph\">Predsjednik Liste za pravdu i red Neboj\u0161a Vukanovi\u0107 reagovao je na kritike zbog na\u010dina na koji je pisao o Ratku Mladi\u0107u nakon njegove smrti, optu\u017eiv\u0161i dio sarajevskih medija za, kako je naveo, \u201eantisrpsku histeriju\u201c i selektivan odnos prema ratnim zlo\u010dinima i sudskim presudama.<\/p>\n\n\n\n<p class=\"wp-block-paragraph\">U nastavku reakcije otvorio je pitanja pravosna\u017eno osu\u0111enog Sakiba Mahmuljina i dugotrajnog procesa protiv Atifa Dudakovi\u0107a, tvrde\u0107i da se ti slu\u010dajevi u dijelu medija ne tretiraju jednako kao Ratko Mladi\u0107.<\/p>\n\n\n\n<h2 class=\"wp-block-heading\">Kritike zbog tona teksta o Mladi\u0107u<\/h2>\n\n\n\n<p class=\"wp-block-paragraph\">Vukanovi\u0107 je nakon Mladi\u0107eve smrti objavio tekst u kojem je biv\u0161eg komandanta Vojske Republike Srpske opisivao kroz njegov vojni\u010dki autoritet, odnos s vojnicima i boravak na prvim linijama.<\/p>\n\n\n\n<p class=\"wp-block-paragraph\">U tom osvrtu nagla\u0161avao je i Mladi\u0107eve sukobe s dijelom civilne vlasti zbog ratnog \u0161verca i korupcije, dok je pozivao na smirivanje tenzija i poru\u010divao da se ne treba radovati ni\u010dijoj smrti.<\/p>\n\n\n\n<p class=\"wp-block-paragraph\">Kritike su uslijedile jer takav portret nije u prvi plan stavljao \u010dinjenicu da je Mladi\u0107 pravosna\u017eno osu\u0111en na do\u017eivotni zatvor za genocid u Srebrenici, zlo\u010dine protiv \u010dovje\u010dnosti i ratne zlo\u010dine.<\/p>\n\n\n\n<h2 class=\"wp-block-heading\">Vukanovi\u0107: \u201eAntisrpska histerija\u201c<\/h2>\n\n\n\n<p class=\"wp-block-paragraph\">Odgovaraju\u0107i na te tekstove, Vukanovi\u0107 je ustvrdio da pojedini sarajevski mediji koriste Mladi\u0107evu smrt za podizanje nacionalnih tenzija.<\/p>\n\n\n\n<p class=\"wp-block-paragraph\">Optu\u017eio ih je da se, kako tvrdi, \u201ekriju iza pri\u010de o legalnosti i po\u0161tovanju sudskih presuda\u201c, a istovremeno imaju razli\u010dite kriterije prema osu\u0111enim ili optu\u017eenim pripadnicima razli\u010ditih vojski.<\/p>\n\n\n\n<p class=\"wp-block-paragraph\">To je Vukanovi\u0107eva politi\u010dka i medijska ocjena. Samo postojanje razli\u010ditog intenziteta izvje\u0161tavanja ne dokazuje institucionalnu ili sistemsku diskriminaciju.<\/p>\n\n\n\n<h2 class=\"wp-block-heading\">Mahmuljin jeste pravosna\u017eno osu\u0111en na osam godina<\/h2>\n\n\n\n<p class=\"wp-block-paragraph\">Jedan od glavnih primjera koje je Vukanovi\u0107 naveo jeste Sakib Mahmuljin, nekada\u0161nji komandant Tre\u0107eg korpusa Armije Republike Bosne i Hercegovine.<\/p>\n\n\n\n<p class=\"wp-block-paragraph\">Vukanovi\u0107 ga je u svojoj objavi pogre\u0161no nazvao komandantom \u010cetvrtog korpusa. Mahmuljin je bio komandant <strong>Tre\u0107eg korpusa Armije RBiH<\/strong>.<\/p>\n\n\n\n<p class=\"wp-block-paragraph\">Apelaciono vije\u0107e Suda BiH pravosna\u017eno ga je 28. aprila 2022. osudilo na jedinstvenu kaznu od osam godina zatvora zbog ratnih zlo\u010dina nad ratnim zarobljenicima, ranjenicima i civilima, u vezi s djelovanjem odreda \u201eEl Mud\u017eahid\u201c.<\/p>\n\n\n\n<p class=\"wp-block-paragraph\">Zato je Vukanovi\u0107evo pitanje o izvr\u0161enju te pravosna\u017ene kazne legitimna tema od javnog interesa.<\/p>\n\n\n\n<h2 class=\"wp-block-heading\">Tvrdnja da se \u201e\u010detiri godine krije\u201c tra\u017ei dodatnu preciznost<\/h2>\n\n\n\n<p class=\"wp-block-paragraph\">Vukanovi\u0107 tvrdi da se Mahmuljin ve\u0107 \u010detiri godine \u201ekrije\u201c i postavlja pitanje nalazi li se u Turskoj.<\/p>\n\n\n\n<p class=\"wp-block-paragraph\">Javno je poznato da Mahmuljin nije stupio na izdr\u017eavanje pravosna\u017ene kazne, ali tvrdnju o njegovom ta\u010dnom sada\u0161njem boravi\u0161tu i tome da se cijelo vrijeme svjesno \u201ekrije\u201c treba zasnivati na aktuelnim slu\u017ebenim podacima nadle\u017enih organa.<\/p>\n\n\n\n<p class=\"wp-block-paragraph\">\u010cinjenica ostaje da pravosna\u017ena osmogodi\u0161nja kazna nije izvr\u0161ena, \u0161to samo po sebi predstavlja ozbiljno pitanje za pravosudne i sigurnosne institucije.<\/p>\n\n\n\n<h2 class=\"wp-block-heading\">Dudakovi\u0107u se i dalje sudi<\/h2>\n\n\n\n<p class=\"wp-block-paragraph\">Vukanovi\u0107 je potom otvorio pitanje Atifa Dudakovi\u0107a, nekada\u0161njeg komandanta Petog korpusa Armije RBiH.<\/p>\n\n\n\n<p class=\"wp-block-paragraph\">Optu\u017enica protiv Dudakovi\u0107a i drugih potvr\u0111ena je 24. oktobra 2018. godine, a predmet se odnosi na navodne ratne zlo\u010dine po\u010dinjene na podru\u010dju Bosanskog Petrovca, Klju\u010da, Bosanske Krupe i Sanskog Mosta.<\/p>\n\n\n\n<p class=\"wp-block-paragraph\">Dudakovi\u0107 nije pravosna\u017eno osu\u0111en i prema zakonu u\u017eiva pretpostavku nevinosti.<\/p>\n\n\n\n<p class=\"wp-block-paragraph\">Zato Vukanovi\u0107eve tvrdnje da je \u201enare\u0111ivao ubistva\u201c ne treba predstavljati kao ve\u0107 utvr\u0111enu \u010dinjenicu, nego kao optu\u017ebu koja se dokazuje u sudskom postupku.<\/p>\n\n\n\n<h2 class=\"wp-block-heading\">Za\u0161to postupak traje toliko dugo?<\/h2>\n\n\n\n<p class=\"wp-block-paragraph\">Vukanovi\u0107 pita za\u0161to predmet traje gotovo deset godina.<\/p>\n\n\n\n<p class=\"wp-block-paragraph\">Ta\u010dno je da je rije\u010d o jednom od najdu\u017eih i najslo\u017eenijih ratnozlo\u010dina\u010dkih predmeta pred Sudom BiH. Ve\u0107 na po\u010detku postupka Tu\u017eila\u0161tvo je najavilo 447 svjedoka i vi\u0161e od 1.100 materijalnih dokaza, uz procjenu da \u0107e samo izvo\u0111enje dokaza trajati vi\u0161e od 500 sati.<\/p>\n\n\n\n<p class=\"wp-block-paragraph\">Postupak su dodatno usporavale bolesti pojedinih optu\u017eenih.<\/p>\n\n\n\n<p class=\"wp-block-paragraph\">U februaru 2026. tro\u010dlani tim medicinskih vje\u0161taka zaklju\u010dio je da Atif Dudakovi\u0107 zbog zdravstvenog stanja trenutno nije sposoban aktivno pratiti su\u0111enje, komunicirati s advokatom i pripremati odbranu.<\/p>\n\n\n\n<p class=\"wp-block-paragraph\">Sud BiH ipak i dalje vodi predmet, a u rasporedu su\u0111enja za septembar 2026. postoje termini za predmet \u201eDudakovi\u0107 Atif i dr.\u201c<\/p>\n\n\n\n<h2 class=\"wp-block-heading\">Du\u017eina postupka nije dokaz nevinosti, ali ni krivice<\/h2>\n\n\n\n<p class=\"wp-block-paragraph\">\u010cinjenica da su\u0111enje traje godinama legitimno otvara pitanje efikasnosti pravosu\u0111a.<\/p>\n\n\n\n<p class=\"wp-block-paragraph\">Istovremeno, dugotrajnost postupka ne zna\u010di da su optu\u017ebe dokazane, kao \u0161to ni zdravstvene ili proceduralne odgode same po sebi ne zna\u010de da se optu\u017eene namjerno \u0161titi.<\/p>\n\n\n\n<p class=\"wp-block-paragraph\">Dok sud ne donese pravosna\u017enu presudu, Dudakovi\u0107a treba opisivati kao optu\u017eenog, a ne osu\u0111enog ratnog zlo\u010dinca.<\/p>\n\n\n\n<h2 class=\"wp-block-heading\">Vukanovi\u0107 izjedna\u010dava medijski tretman razli\u010ditih pravnih situacija<\/h2>\n\n\n\n<p class=\"wp-block-paragraph\">U svojoj reakciji Vukanovi\u0107 povezuje Mladi\u0107a, Mahmuljina i Dudakovi\u0107a kako bi argumentovao da sarajevski mediji koriste dvostruke standarde.<\/p>\n\n\n\n<p class=\"wp-block-paragraph\">Me\u0111utim, njihovi pravni statusi nisu isti.<\/p>\n\n\n\n<p class=\"wp-block-paragraph\">Ratko Mladi\u0107 je umro kao pravosna\u017eno osu\u0111enik na do\u017eivotni zatvor za genocid i druge zlo\u010dine. Sakib Mahmuljin je pravosna\u017eno osu\u0111en na osam godina zatvora, ali kaznu nije po\u010deo slu\u017eiti. Atifu Dudakovi\u0107u se i dalje sudi i njegova krivica nije utvr\u0111ena.<\/p>\n\n\n\n<p class=\"wp-block-paragraph\">Upravo zato pore\u0111enje mo\u017ee biti dio politi\u010dke rasprave, ali se ti predmeti u novinarskom izvje\u0161tavanju moraju pravno razdvojiti.<\/p>\n\n\n\n<h2 class=\"wp-block-heading\">Kritika medija ne mijenja pitanje tona njegovog prvog teksta<\/h2>\n\n\n\n<p class=\"wp-block-paragraph\">Vukanovi\u0107 mo\u017ee legitimno otvoriti pitanja izvr\u0161enja Mahmuljinove kazne, trajanja Dudakovi\u0107evog procesa i medijskog izvje\u0161tavanja o svim ratnim zlo\u010dinima.<\/p>\n\n\n\n<p class=\"wp-block-paragraph\">To, me\u0111utim, samo po sebi ne odgovara na kritiku koja mu je prvobitno upu\u0107ena \u2014 da je Ratka Mladi\u0107a nakon smrti opisivao kroz pozitivne vojni\u010dke osobine, dok je u drugi plan stavio pravosna\u017enu presudu za genocid i druge ratne zlo\u010dine.<\/p>\n\n\n\n<p class=\"wp-block-paragraph\">Zato su to zapravo dvije odvojene teme: <strong>kako se izvje\u0161tava o svim sudskim predmetima ratnih zlo\u010dina i kako se javno govori o pravosna\u017eno osu\u0111enim osobama nakon njihove smrti<\/strong>.<\/p>\n","protected":false},"excerpt":{"rendered":"<p>Predsjednik Liste za pravdu i red Neboj\u0161a Vukanovi\u0107 reagovao je na kritike zbog na\u010dina na koji je pisao o Ratku Mladi\u0107u nakon njegove smrti, optu\u017eiv\u0161i dio sarajevskih medija za, kako je naveo, \u201eantisrpsku histeriju\u201c i selektivan odnos prema ratnim zlo\u010dinima i sudskim presudama. U nastavku reakcije otvorio je pitanja pravosna\u017eno osu\u0111enog Sakiba Mahmuljina i dugotrajnog [&hellip;]<\/p>\n","protected":false},"author":1,"featured_media":10266,"comment_status":"open","ping_status":"open","sticky":false,"template":"","format":"standard","meta":{"footnotes":""},"categories":[17],"tags":[3456,3455,3454,3452,3453],"class_list":["post-10265","post","type-post","status-publish","format-standard","has-post-thumbnail","hentry","category-bih","tag-atif-dudakovic-sudjenje","tag-nebojsa-vukanovic-ratko-mladic","tag-sakib-mahmuljin-presuda","tag-vukanovic-atif-dudakovic","tag-vukanovic-sakib-mahmuljin"],"_links":{"self":[{"href":"https:\/\/bihplus.ba\/index.php\/wp-json\/wp\/v2\/posts\/10265","targetHints":{"allow":["GET"]}}],"collection":[{"href":"https:\/\/bihplus.ba\/index.php\/wp-json\/wp\/v2\/posts"}],"about":[{"href":"https:\/\/bihplus.ba\/index.php\/wp-json\/wp\/v2\/types\/post"}],"author":[{"embeddable":true,"href":"https:\/\/bihplus.ba\/index.php\/wp-json\/wp\/v2\/users\/1"}],"replies":[{"embeddable":true,"href":"https:\/\/bihplus.ba\/index.php\/wp-json\/wp\/v2\/comments?post=10265"}],"version-history":[{"count":1,"href":"https:\/\/bihplus.ba\/index.php\/wp-json\/wp\/v2\/posts\/10265\/revisions"}],"predecessor-version":[{"id":10267,"href":"https:\/\/bihplus.ba\/index.php\/wp-json\/wp\/v2\/posts\/10265\/revisions\/10267"}],"wp:featuredmedia":[{"embeddable":true,"href":"https:\/\/bihplus.ba\/index.php\/wp-json\/wp\/v2\/media\/10266"}],"wp:attachment":[{"href":"https:\/\/bihplus.ba\/index.php\/wp-json\/wp\/v2\/media?parent=10265"}],"wp:term":[{"taxonomy":"category","embeddable":true,"href":"https:\/\/bihplus.ba\/index.php\/wp-json\/wp\/v2\/categories?post=10265"},{"taxonomy":"post_tag","embeddable":true,"href":"https:\/\/bihplus.ba\/index.php\/wp-json\/wp\/v2\/tags?post=10265"}],"curies":[{"name":"wp","href":"https:\/\/api.w.org\/{rel}","templated":true}]}}