{"id":10262,"date":"2026-08-30T10:18:25","date_gmt":"2026-08-30T10:18:25","guid":{"rendered":"https:\/\/bihplus.ba\/?p=10262"},"modified":"2026-08-30T10:18:28","modified_gmt":"2026-08-30T10:18:28","slug":"potrebica-odbija-sluzbene-odnose-s-trebinjem-zbog-odavanja-pocasti-ratku-mladicu","status":"publish","type":"post","link":"https:\/\/bihplus.ba\/index.php\/2026\/08\/30\/potrebica-odbija-sluzbene-odnose-s-trebinjem-zbog-odavanja-pocasti-ratku-mladicu\/","title":{"rendered":"Potrebica odbija slu\u017ebene odnose s Trebinjem zbog odavanja po\u010dasti Ratku Mladi\u0107u"},"content":{"rendered":"\n<p class=\"wp-block-paragraph\">Predsjednik Gradskog vije\u0107a Dubrovnika Marko Potrebica reagovao je na odavanje po\u010dasti Ratku Mladi\u0107u u Trebinju, poru\u010div\u0161i da ne vidi uslove za uspostavljanje slu\u017ebenih odnosa Dubrovnika i Trebinja sve dok predstavnici tamo\u0161nje vlasti javno u\u010destvuju u doga\u0111ajima posve\u0107enim pravosna\u017eno osu\u0111enom ratnom zlo\u010dincu.<\/p>\n\n\n\n<p class=\"wp-block-paragraph\">Potrebica je oti\u0161ao i korak dalje te ustvrdio da bi osobama koje rade u Hrvatskoj, a veli\u010daju Mladi\u0107a i prisustvuju doga\u0111ajima organiziranim njemu u \u010dast, trebalo oduzimati radne dozvole.<\/p>\n\n\n\n<h2 class=\"wp-block-heading\">Gradona\u010delnik Trebinja bio na odavanju po\u010dasti<\/h2>\n\n\n\n<p class=\"wp-block-paragraph\">Povod za Potrebi\u010dinu reakciju bilo je okupljanje odr\u017eano 27. augusta u Trebinju nakon smrti Ratka Mladi\u0107a.<\/p>\n\n\n\n<p class=\"wp-block-paragraph\">Bora\u010dka organizacija Trebinje pozvala je gra\u0111ane i biv\u0161e pripadnike VRS-a na pomen u Sabornom hramu, nakon \u010dega je organizirano paljenje svije\u0107a kod centralnog spomen-obilje\u017eja.<\/p>\n\n\n\n<p class=\"wp-block-paragraph\">Lokalni mediji izvijestili su da su doga\u0111aju prisustvovali gra\u0111ani, biv\u0161i borci, porodice poginulih pripadnika VRS-a i predstavnici Grada Trebinja, a me\u0111u njima i gradona\u010delnik Mirko \u0106uri\u0107.<\/p>\n\n\n\n<p class=\"wp-block-paragraph\">U izjavama nakon okupljanja pojedini predstavnici Bora\u010dke organizacije Mladi\u0107a su predstavljali kao va\u017enu figuru srpskog naroda. Rije\u010d je o vrijednosnim ocjenama koje stoje nasuprot pravosna\u017enoj presudi me\u0111unarodnog suda.<\/p>\n\n\n\n<h2 class=\"wp-block-heading\">Potrebica: Zato ne idem u Trebinje<\/h2>\n\n\n\n<p class=\"wp-block-paragraph\">Potrebica je kazao da ga ljudi povremeno pitaju za\u0161to ne odlazi u Trebinje i za\u0161to dva susjedna grada nemaju slu\u017ebene odnose.<\/p>\n\n\n\n<p class=\"wp-block-paragraph\">Prema njegovim rije\u010dima, geografska blizina, ekonomska saradnja i \u010dinjenica da brojni stanovnici Trebinja rade u Dubrovniku nisu dovoljni za institucionalno pribli\u017eavanje.<\/p>\n\n\n\n<p class=\"wp-block-paragraph\">Poru\u010dio je da pomirenje zahtijeva prihvatanje historijskih \u010dinjenica, po\u0161tovanje \u017ertava i distanciranje od politika koje su dovele do ratnih stradanja.<\/p>\n\n\n\n<h2 class=\"wp-block-heading\">\u201eNe bih mogao sjesti za isti stol\u201c<\/h2>\n\n\n\n<p class=\"wp-block-paragraph\">Predsjednik dubrova\u010dkog Gradskog vije\u0107a posebno je naglasio da ne \u017eeli graditi slu\u017ebene odnose s predstavnicima vlasti koji javno veli\u010daju Ratka Mladi\u0107a.<\/p>\n\n\n\n<p class=\"wp-block-paragraph\">\u201eOprost ne zna\u010di zaborav\u201c, jedna je od njegovih klju\u010dnih poruka.<\/p>\n\n\n\n<p class=\"wp-block-paragraph\">Istovremeno je naglasio da njegova reakcija nije usmjerena protiv stanovnika Trebinja kao takvih.<\/p>\n\n\n\n<p class=\"wp-block-paragraph\">Poru\u010dio je da je svako ko dolazi u Dubrovnik \u017eivjeti i raditi po\u0161tuju\u0107i hrvatske zakone dobrodo\u0161ao, bez obzira na mjesto iz kojeg dolazi.<\/p>\n\n\n\n<h2 class=\"wp-block-heading\">Zatra\u017eio oduzimanje radnih dozvola<\/h2>\n\n\n\n<p class=\"wp-block-paragraph\">Najkontroverzniji dio Potrebi\u010dine objave odnosi se na strane radnike u Hrvatskoj.<\/p>\n\n\n\n<p class=\"wp-block-paragraph\">On smatra da bi onima koji veli\u010daju Mladi\u0107a, prisustvuju doga\u0111ajima njemu u \u010dast i istovremeno rade u Hrvatskoj trebalo \u201ehitno oduzeti radnu dozvolu\u201c.<\/p>\n\n\n\n<p class=\"wp-block-paragraph\">Takav zahtjev predstavlja njegov politi\u010dki stav.<\/p>\n\n\n\n<p class=\"wp-block-paragraph\">Hrvatski sistem ne predvi\u0111a da predsjednik Gradskog vije\u0107a ili Grad Dubrovnik mogu jednostrano ukinuti dozvolu stranom radniku zbog politi\u010dkog stava ili prisustva odre\u0111enom doga\u0111aju.<\/p>\n\n\n\n<h2 class=\"wp-block-heading\">Ko zapravo odlu\u010duje o radnim dozvolama?<\/h2>\n\n\n\n<p class=\"wp-block-paragraph\">Dozvola za boravak i rad u Hrvatskoj je jedinstvena dozvola kojom se dr\u017eavljaninu tre\u0107e zemlje omogu\u0107avaju privremeni boravak i zaposlenje.<\/p>\n\n\n\n<p class=\"wp-block-paragraph\">O zahtjevima, produ\u017eenju i statusu takvih dozvola odlu\u010duju nadle\u017ena tijela Ministarstva unutra\u0161njih poslova, odnosno policijske uprave i policijske postaje.<\/p>\n\n\n\n<p class=\"wp-block-paragraph\">Zakon i provedbeni propisi odre\u0111uju konkretne razloge zbog kojih dozvola mo\u017ee prestati ili biti ukinuta.<\/p>\n\n\n\n<p class=\"wp-block-paragraph\">Zato nije mogu\u0107e zaklju\u010diti da bi samo prisustvo pomenu ili neka javna objava automatski vodili gubitku prava na rad. Za svaki eventualni postupak morao bi postojati odgovaraju\u0107i zakonski osnov i odluka nadle\u017enog organa.<\/p>\n\n\n\n<h2 class=\"wp-block-heading\">Dubrovnik i Trebinje sna\u017eno povezani radnom snagom<\/h2>\n\n\n\n<p class=\"wp-block-paragraph\">Potrebi\u010dina poruka posebno privla\u010di pa\u017enju zbog intenzivnih svakodnevnih veza Dubrovnika i isto\u010dne Hercegovine.<\/p>\n\n\n\n<p class=\"wp-block-paragraph\">Veliki broj ljudi iz pograni\u010dnog podru\u010dja radi u Dubrovniku i okolini, naro\u010dito u turizmu, ugostiteljstvu i gra\u0111evinarstvu.<\/p>\n\n\n\n<p class=\"wp-block-paragraph\">Hrvatska generalno posljednjih godina sna\u017eno pove\u0107ava oslanjanje na strane radnike. Ministarstvo unutra\u0161njih poslova je u aprilu 2026. navelo da je u Hrvatskoj bilo vi\u0161e od 105.000 stranih radnika s va\u017ee\u0107om dozvolom za boravak i rad i prijavljenom adresom.<\/p>\n\n\n\n<p class=\"wp-block-paragraph\">Zbog toga Potrebi\u010dina izjava nije samo simboli\u010dka politi\u010dka poruka nego zadire i u pitanje radne migracije izme\u0111u Hercegovine i hrvatskog juga.<\/p>\n\n\n\n<h2 class=\"wp-block-heading\">Mladi\u0107 umro slu\u017ee\u0107i do\u017eivotnu kaznu<\/h2>\n\n\n\n<p class=\"wp-block-paragraph\">Ratko Mladi\u0107 preminuo je 27. augusta 2026. u pritvoru Ujedinjenih nacija u Haagu, gdje je slu\u017eio pravosna\u017eno izre\u010denu do\u017eivotnu kaznu.<\/p>\n\n\n\n<p class=\"wp-block-paragraph\">Osu\u0111en je za genocid u Srebrenici, zlo\u010dine protiv \u010dovje\u010dnosti i ratne zlo\u010dine po\u010dinjene tokom rata u Bosni i Hercegovini.<\/p>\n\n\n\n<p class=\"wp-block-paragraph\">Njegova smrt pokrenula je potpuno suprotne reakcije u dr\u017eavama regiona: dok su ga pojedini politi\u010dari i organizacije u RS-u javno predstavljali kao heroja i nacionalni simbol, druge politi\u010dke i dru\u0161tvene grupe takve doga\u0111aje vide kao veli\u010danje osobe pravosna\u017eno osu\u0111ene za najte\u017ee me\u0111unarodne zlo\u010dine.<\/p>\n\n\n\n<h2 class=\"wp-block-heading\">Potrebica slu\u017ebene odnose uslovljava odnosom prema pro\u0161losti<\/h2>\n\n\n\n<p class=\"wp-block-paragraph\">Su\u0161tina Potrebi\u010dine poruke ipak nije samo pitanje radnih dozvola.<\/p>\n\n\n\n<p class=\"wp-block-paragraph\">On tvrdi da Dubrovnik i Trebinje ne mogu graditi slu\u017ebene institucionalne odnose ako, prema njegovoj ocjeni, vlasti u Trebinju istovremeno u\u010destvuju u javnom odavanju po\u010dasti Ratku Mladi\u0107u.<\/p>\n\n\n\n<p class=\"wp-block-paragraph\">Takav stav je politi\u010dka pozicija predsjednika Gradskog vije\u0107a i sam po sebi ne predstavlja formalnu odluku Grada Dubrovnika o prekidu ili trajnom odbijanju saradnje s Trebinjem.<\/p>\n\n\n\n<p class=\"wp-block-paragraph\">Potrebica, me\u0111utim, jasno poru\u010duje da pomirenje vidi kao proces koji zahtijeva prihvatanje pravosna\u017eno utvr\u0111enih \u010dinjenica i po\u0161tovanje \u017ertava, a ne samo protok vremena i ekonomski interes.<\/p>\n","protected":false},"excerpt":{"rendered":"<p>Predsjednik Gradskog vije\u0107a Dubrovnika Marko Potrebica reagovao je na odavanje po\u010dasti Ratku Mladi\u0107u u Trebinju, poru\u010div\u0161i da ne vidi uslove za uspostavljanje slu\u017ebenih odnosa Dubrovnika i Trebinja sve dok predstavnici tamo\u0161nje vlasti javno u\u010destvuju u doga\u0111ajima posve\u0107enim pravosna\u017eno osu\u0111enom ratnom zlo\u010dincu. Potrebica je oti\u0161ao i korak dalje te ustvrdio da bi osobama koje rade u [&hellip;]<\/p>\n","protected":false},"author":1,"featured_media":10263,"comment_status":"open","ping_status":"open","sticky":false,"template":"","format":"standard","meta":{"footnotes":""},"categories":[17],"tags":[3449,3447,3451,3450,3448],"class_list":["post-10262","post","type-post","status-publish","format-standard","has-post-thumbnail","hentry","category-bih","tag-dubrovnik-trebinje-ratko-mladic","tag-marko-potrebica-ratko-mladic","tag-marko-potrebica-trebinje","tag-pomen-ratku-mladicu-trebinje","tag-radne-dozvole-trebinje-dubrovnik"],"_links":{"self":[{"href":"https:\/\/bihplus.ba\/index.php\/wp-json\/wp\/v2\/posts\/10262","targetHints":{"allow":["GET"]}}],"collection":[{"href":"https:\/\/bihplus.ba\/index.php\/wp-json\/wp\/v2\/posts"}],"about":[{"href":"https:\/\/bihplus.ba\/index.php\/wp-json\/wp\/v2\/types\/post"}],"author":[{"embeddable":true,"href":"https:\/\/bihplus.ba\/index.php\/wp-json\/wp\/v2\/users\/1"}],"replies":[{"embeddable":true,"href":"https:\/\/bihplus.ba\/index.php\/wp-json\/wp\/v2\/comments?post=10262"}],"version-history":[{"count":1,"href":"https:\/\/bihplus.ba\/index.php\/wp-json\/wp\/v2\/posts\/10262\/revisions"}],"predecessor-version":[{"id":10264,"href":"https:\/\/bihplus.ba\/index.php\/wp-json\/wp\/v2\/posts\/10262\/revisions\/10264"}],"wp:featuredmedia":[{"embeddable":true,"href":"https:\/\/bihplus.ba\/index.php\/wp-json\/wp\/v2\/media\/10263"}],"wp:attachment":[{"href":"https:\/\/bihplus.ba\/index.php\/wp-json\/wp\/v2\/media?parent=10262"}],"wp:term":[{"taxonomy":"category","embeddable":true,"href":"https:\/\/bihplus.ba\/index.php\/wp-json\/wp\/v2\/categories?post=10262"},{"taxonomy":"post_tag","embeddable":true,"href":"https:\/\/bihplus.ba\/index.php\/wp-json\/wp\/v2\/tags?post=10262"}],"curies":[{"name":"wp","href":"https:\/\/api.w.org\/{rel}","templated":true}]}}